{"id":19775,"date":"2023-04-03T15:56:08","date_gmt":"2023-04-03T18:56:08","guid":{"rendered":"http:\/\/www.muricionline.com.br\/novo\/?p=19775"},"modified":"2023-04-03T15:56:08","modified_gmt":"2023-04-03T18:56:08","slug":"em-brasilia-rodrigo-valenca-participa-de-evento-na-residencia-oficial-ao-lado-do-presidente-da-camara-arthur-lira","status":"publish","type":"post","link":"https:\/\/www.muricionline.com.br\/novo\/?p=19775","title":{"rendered":"Em Bras\u00edlia, Rodrigo Valen\u00e7a participa de evento na Resid\u00eancia Oficial ao lado do Presidente da C\u00e2mara, Arthur Lira"},"content":{"rendered":"<p>Rodrigo Valen\u00e7a marcou presen\u00e7a no \u00faltimo evento realizado em Bras\u00edlia, com prefeitos de Alagoas na Resid\u00eancia Oficial do Presidente da C\u00e2mara, Deputado Arthur Lira. Valen\u00e7a, que \u00e9 suplente de Deputado Federal e ex-prefeito de S\u00e3o Jos\u00e9 da Laje, utilizou a ocasi\u00e3o para discutir temas relevantes para o estado de Alagoas, tais como economia, sa\u00fade e educa\u00e7\u00e3o, e buscar recursos para sua cidade.<\/p>\n<p>A presen\u00e7a de Rodrigo Valen\u00e7a no evento refor\u00e7ou sua parceria com importantes pol\u00edticos no cen\u00e1rio alagoano, al\u00e9m de destacar sua atua\u00e7\u00e3o como representante do estado e dos interesses de sua cidade.<\/p>\n<p>Para Valen\u00e7a, participar do evento na casa de Arthur Lira foi uma honra e uma oportunidade de contribuir para o debate sobre os principais desafios que Alagoas e o Brasil enfrentam atualmente. A participa\u00e7\u00e3o de l\u00edderes pol\u00edticos como Rodrigo em eventos como este \u00e9 fundamental para o desenvolvimento do pa\u00eds e para a busca de solu\u00e7\u00f5es efetivas para os problemas enfrentados pelas cidades e estados brasileiros.<\/p>\n<p>Por Assessoria<\/p>\n<span style=\"clear:both;display:none;\"><img src=\"http:\/\/www.muricionline.com.br\/novo\/wp-content\/plugins\/wp-spamfree\/img\/wpsf-img.php\" width=\"0\" height=\"0\" alt=\"\" style=\"border-style:none;width:0px;height:0px;display:none;\" \/><\/span>","protected":false},"excerpt":{"rendered":"<p>Rodrigo Valen\u00e7a marcou presen\u00e7a no \u00faltimo evento realizado em Bras\u00edlia, com prefeitos de Alagoas na Resid\u00eancia Oficial do Presidente da C\u00e2mara, Deputado Arthur Lira. Valen\u00e7a, que \u00e9 suplente de Deputado Federal e ex-prefeito de S\u00e3o Jos\u00e9 da Laje, utilizou a ocasi\u00e3o para discutir temas relevantes para o estado de Alagoas, tais como economia, sa\u00fade e&#8230;<\/p>\n","protected":false},"author":1,"featured_media":19776,"comment_status":"open","ping_status":"open","sticky":false,"template":"","format":"standard","meta":{"footnotes":""},"categories":[1],"tags":[5],"_links":{"self":[{"href":"https:\/\/www.muricionline.com.br\/novo\/index.php?rest_route=\/wp\/v2\/posts\/19775"}],"collection":[{"href":"https:\/\/www.muricionline.com.br\/novo\/index.php?rest_route=\/wp\/v2\/posts"}],"about":[{"href":"https:\/\/www.muricionline.com.br\/novo\/index.php?rest_route=\/wp\/v2\/types\/post"}],"author":[{"embeddable":true,"href":"https:\/\/www.muricionline.com.br\/novo\/index.php?rest_route=\/wp\/v2\/users\/1"}],"replies":[{"embeddable":true,"href":"https:\/\/www.muricionline.com.br\/novo\/index.php?rest_route=%2Fwp%2Fv2%2Fcomments&post=19775"}],"version-history":[{"count":1,"href":"https:\/\/www.muricionline.com.br\/novo\/index.php?rest_route=\/wp\/v2\/posts\/19775\/revisions"}],"predecessor-version":[{"id":19777,"href":"https:\/\/www.muricionline.com.br\/novo\/index.php?rest_route=\/wp\/v2\/posts\/19775\/revisions\/19777"}],"wp:featuredmedia":[{"embeddable":true,"href":"https:\/\/www.muricionline.com.br\/novo\/index.php?rest_route=\/wp\/v2\/media\/19776"}],"wp:attachment":[{"href":"https:\/\/www.muricionline.com.br\/novo\/index.php?rest_route=%2Fwp%2Fv2%2Fmedia&parent=19775"}],"wp:term":[{"taxonomy":"category","embeddable":true,"href":"https:\/\/www.muricionline.com.br\/novo\/index.php?rest_route=%2Fwp%2Fv2%2Fcategories&post=19775"},{"taxonomy":"post_tag","embeddable":true,"href":"https:\/\/www.muricionline.com.br\/novo\/index.php?rest_route=%2Fwp%2Fv2%2Ftags&post=19775"}],"curies":[{"name":"wp","href":"https:\/\/api.w.org\/{rel}","templated":true}]}}