{"id":19838,"date":"2023-04-12T10:21:22","date_gmt":"2023-04-12T13:21:22","guid":{"rendered":"http:\/\/www.muricionline.com.br\/novo\/?p=19838"},"modified":"2023-04-12T10:21:22","modified_gmt":"2023-04-12T13:21:22","slug":"prefeitura-de-branquinha-concede-reajuste-salarial-para-conselheiros-tutelares","status":"publish","type":"post","link":"https:\/\/www.muricionline.com.br\/novo\/?p=19838","title":{"rendered":"Prefeitura de Branquinha concede reajuste salarial para Conselheiros Tutelares"},"content":{"rendered":"<p>Em mais uma iniciativa, fruto de planejamento e equil\u00edbrio financeiro, a Prefeitura de Branquinha, concedeu o reajuste salarial para os Conselheiros Tutelares do munic\u00edpio. No an\u00fancio feito pelo prefeito Neno Freitas nesta quarta-feira (12), atrav\u00e9s das redes sociais, os profissionais passar\u00e3o a receber 50% a mais nos seus proventos.<\/p>\n<p>\u201cAgrade\u00e7o a C\u00e2mara de Vereadores que apreciou com agilidade o Projeto de Lei n\u00b0 489, que visa garantir mais valoriza\u00e7\u00e3o e reconhecimento a esses valorosos profissionais que atuam na defesa dos direitos da crian\u00e7a e do adolescente. Al\u00e9m de atender a uma demanda antiga, o reajuste \u00e9 um gesto de compromisso da nossa administra\u00e7\u00e3o com quem exerce uma miss\u00e3o t\u00e3o nobre como os Conselheiros Tutelares\u201d, disse Neno Freitas.<\/p>\n<p>Com Assessoria<\/p>\n<span style=\"clear:both;display:none;\"><img src=\"http:\/\/www.muricionline.com.br\/novo\/wp-content\/plugins\/wp-spamfree\/img\/wpsf-img.php\" width=\"0\" height=\"0\" alt=\"\" style=\"border-style:none;width:0px;height:0px;display:none;\" \/><\/span>","protected":false},"excerpt":{"rendered":"<p>Em mais uma iniciativa, fruto de planejamento e equil\u00edbrio financeiro, a Prefeitura de Branquinha, concedeu o reajuste salarial para os Conselheiros Tutelares do munic\u00edpio. No an\u00fancio feito pelo prefeito Neno Freitas nesta quarta-feira (12), atrav\u00e9s das redes sociais, os profissionais passar\u00e3o a receber 50% a mais nos seus proventos. \u201cAgrade\u00e7o a C\u00e2mara de Vereadores que&#8230;<\/p>\n","protected":false},"author":1,"featured_media":19839,"comment_status":"open","ping_status":"open","sticky":false,"template":"","format":"standard","meta":{"footnotes":""},"categories":[1],"tags":[5],"_links":{"self":[{"href":"https:\/\/www.muricionline.com.br\/novo\/index.php?rest_route=\/wp\/v2\/posts\/19838"}],"collection":[{"href":"https:\/\/www.muricionline.com.br\/novo\/index.php?rest_route=\/wp\/v2\/posts"}],"about":[{"href":"https:\/\/www.muricionline.com.br\/novo\/index.php?rest_route=\/wp\/v2\/types\/post"}],"author":[{"embeddable":true,"href":"https:\/\/www.muricionline.com.br\/novo\/index.php?rest_route=\/wp\/v2\/users\/1"}],"replies":[{"embeddable":true,"href":"https:\/\/www.muricionline.com.br\/novo\/index.php?rest_route=%2Fwp%2Fv2%2Fcomments&post=19838"}],"version-history":[{"count":1,"href":"https:\/\/www.muricionline.com.br\/novo\/index.php?rest_route=\/wp\/v2\/posts\/19838\/revisions"}],"predecessor-version":[{"id":19840,"href":"https:\/\/www.muricionline.com.br\/novo\/index.php?rest_route=\/wp\/v2\/posts\/19838\/revisions\/19840"}],"wp:featuredmedia":[{"embeddable":true,"href":"https:\/\/www.muricionline.com.br\/novo\/index.php?rest_route=\/wp\/v2\/media\/19839"}],"wp:attachment":[{"href":"https:\/\/www.muricionline.com.br\/novo\/index.php?rest_route=%2Fwp%2Fv2%2Fmedia&parent=19838"}],"wp:term":[{"taxonomy":"category","embeddable":true,"href":"https:\/\/www.muricionline.com.br\/novo\/index.php?rest_route=%2Fwp%2Fv2%2Fcategories&post=19838"},{"taxonomy":"post_tag","embeddable":true,"href":"https:\/\/www.muricionline.com.br\/novo\/index.php?rest_route=%2Fwp%2Fv2%2Ftags&post=19838"}],"curies":[{"name":"wp","href":"https:\/\/api.w.org\/{rel}","templated":true}]}}