{"id":19841,"date":"2023-04-13T06:28:56","date_gmt":"2023-04-13T09:28:56","guid":{"rendered":"http:\/\/www.muricionline.com.br\/novo\/?p=19841"},"modified":"2023-04-13T06:28:56","modified_gmt":"2023-04-13T09:28:56","slug":"governador-se-reune-com-movimentos-sociais-para-discutir-agenda-de-assentamentos-no-campo","status":"publish","type":"post","link":"https:\/\/www.muricionline.com.br\/novo\/?p=19841","title":{"rendered":"Governador se re\u00fane com movimentos sociais para discutir agenda de assentamentos no campo"},"content":{"rendered":"<p>O governador Paulo Dantas reuniu-se na manh\u00e3 desta quarta-feira (12) com integrantes do movimento social Sem-Terra para discutir o andamento dos processos de aquisi\u00e7\u00f5es de terras no estado para fins de assentamento de fam\u00edlias de agricultores familiares.&nbsp; No encontro, ocorrido no Sal\u00e3o de Despachos do Pal\u00e1cio Rep\u00fablica dos Palmares, foram apresentados os avan\u00e7os nos processos de assentamentos de fam\u00edlias de agricultores Sem-Terra, a exemplo da Fazenda Bota Velha, em Murici, onde o governo do Estado efetuou o pagamento de R$ 6, 6 milh\u00f5es para divis\u00e3o de lotes com fam\u00edlias integrantes da Comiss\u00e3o Pastoral da Terra (CPT).<\/p>\n<p><img decoding=\"async\" src=\"http:\/\/alagoas.al.gov.br\/imagens\/conteudos\/efd1f254431d85af72714e64940bebc5\/\/12-04-2023%20Reuniao%20com%20movimentos%20sociais%20(MA)116.jpg\"><\/p>\n<p>\u201cEssas reuni\u00f5es deixam claro para a sociedade que o Governo de Alagoas \u00e9 parceiro dos movimentos sociais pela contribui\u00e7\u00e3o que d\u00e3o para o desenvolvimento econ\u00f4mico e social do Estado\u201d, destacou Paulo Dantas. &nbsp;\u201cQueremos criar condi\u00e7\u00f5es para que os movimentos sociais possam ter acesso \u00e0 tecnologia e direito \u00e0 terra e por isso \u00e9 importante a aproxima\u00e7\u00e3o do governo com voc\u00eas\u201d,&nbsp; acrescentou o governador.<\/p>\n<p>O presidente do Instituto de Terras e Reforma Agr\u00e1ria de Alagoas (Iteral), Jaime Silva, destacou na reuni\u00e3o os investimentos que o governo do Estado realizou nesses primeiros 100 dias de governo para amplia\u00e7\u00e3o da estrutura administrativa do \u00f3rg\u00e3o, com refor\u00e7o no quadro de profissionais e melhorias de condi\u00e7\u00f5es de trabalho. \u201c\u00c9 importante entender a import\u00e2ncia da agricultura familiar para a economia do estado e para que ela se desenvolva \u00e9 preciso contar com a assist\u00eancia do governo\u201d, ressaltou Silva.<\/p>\n<p>O coordenador da CPT, Carlos Lima, agradeceu o empenho do governo estadual para a regulariza\u00e7\u00e3o da propriedade de \u00e1reas consideradas emblem\u00e1ticas para assentamentos de fam\u00edlias sem-terra. \u201cMuitas das \u00e1reas consideradas emblem\u00e1ticas para o assentamento de fam\u00edlias de agricultores sem-terra est\u00e3o com a situa\u00e7\u00e3o resolvida, gra\u00e7as ao esfor\u00e7o do governo, que n\u00e3o deve ter medo de se reunir com os movimentos sociais\u201d, afirmou &nbsp;Lima, lembrando a import\u00e2ncia desse esfor\u00e7o do governo para garantir a pacifica\u00e7\u00e3o do campo.<\/p>\n<p><img decoding=\"async\" src=\"http:\/\/alagoas.al.gov.br\/imagens\/conteudos\/efd1f254431d85af72714e64940bebc5\/\/12-04-2023%20Reuniao%20com%20movimentos%20sociais%20(MA)245.jpg\"><\/p>\n<p>A secret\u00e1ria do Gabinete Civil, Luiza Barreiros, disse que o governo criou um Comit\u00ea de Reforma Agr\u00e1ria, que tem se reunido periodicamente para discutir o andamento das pautas dos movimentos sociais.<\/p>\n<p>&nbsp;<\/p>\n<p>Tamb\u00e9m participaram da reuni\u00e3o a secret\u00e1ria de Estado da Agricultura e Pecu\u00e1ria, Carla Dantas, que vem discutindo com os movimentos as pautas relacionadas \u00e0 agricultura familiar e o secret\u00e1rio de Estado de Planejamento, Gest\u00e3o e Patrim\u00f4nio (Seplag), Gabriel Nepomuceno, que vem conduzindo os processos de pagamento das terras desapropriadas para fins de reforma agr\u00e1ria no Estado. &nbsp;<\/p>\n<p>Com Ag\u00eancia Alagoas&nbsp;<\/p>\n<span style=\"clear:both;display:none;\"><img src=\"http:\/\/www.muricionline.com.br\/novo\/wp-content\/plugins\/wp-spamfree\/img\/wpsf-img.php\" width=\"0\" height=\"0\" alt=\"\" style=\"border-style:none;width:0px;height:0px;display:none;\" \/><\/span>","protected":false},"excerpt":{"rendered":"<p>O governador Paulo Dantas reuniu-se na manh\u00e3 desta quarta-feira (12) com integrantes do movimento social Sem-Terra para discutir o andamento dos processos de aquisi\u00e7\u00f5es de terras no estado para fins de assentamento de fam\u00edlias de agricultores familiares.&nbsp; No encontro, ocorrido no Sal\u00e3o de Despachos do Pal\u00e1cio Rep\u00fablica dos Palmares, foram apresentados os avan\u00e7os nos processos&#8230;<\/p>\n","protected":false},"author":1,"featured_media":19842,"comment_status":"open","ping_status":"open","sticky":false,"template":"","format":"standard","meta":{"footnotes":""},"categories":[1],"tags":[5],"_links":{"self":[{"href":"https:\/\/www.muricionline.com.br\/novo\/index.php?rest_route=\/wp\/v2\/posts\/19841"}],"collection":[{"href":"https:\/\/www.muricionline.com.br\/novo\/index.php?rest_route=\/wp\/v2\/posts"}],"about":[{"href":"https:\/\/www.muricionline.com.br\/novo\/index.php?rest_route=\/wp\/v2\/types\/post"}],"author":[{"embeddable":true,"href":"https:\/\/www.muricionline.com.br\/novo\/index.php?rest_route=\/wp\/v2\/users\/1"}],"replies":[{"embeddable":true,"href":"https:\/\/www.muricionline.com.br\/novo\/index.php?rest_route=%2Fwp%2Fv2%2Fcomments&post=19841"}],"version-history":[{"count":1,"href":"https:\/\/www.muricionline.com.br\/novo\/index.php?rest_route=\/wp\/v2\/posts\/19841\/revisions"}],"predecessor-version":[{"id":19843,"href":"https:\/\/www.muricionline.com.br\/novo\/index.php?rest_route=\/wp\/v2\/posts\/19841\/revisions\/19843"}],"wp:featuredmedia":[{"embeddable":true,"href":"https:\/\/www.muricionline.com.br\/novo\/index.php?rest_route=\/wp\/v2\/media\/19842"}],"wp:attachment":[{"href":"https:\/\/www.muricionline.com.br\/novo\/index.php?rest_route=%2Fwp%2Fv2%2Fmedia&parent=19841"}],"wp:term":[{"taxonomy":"category","embeddable":true,"href":"https:\/\/www.muricionline.com.br\/novo\/index.php?rest_route=%2Fwp%2Fv2%2Fcategories&post=19841"},{"taxonomy":"post_tag","embeddable":true,"href":"https:\/\/www.muricionline.com.br\/novo\/index.php?rest_route=%2Fwp%2Fv2%2Ftags&post=19841"}],"curies":[{"name":"wp","href":"https:\/\/api.w.org\/{rel}","templated":true}]}}