{"id":19844,"date":"2023-04-13T06:31:19","date_gmt":"2023-04-13T09:31:19","guid":{"rendered":"http:\/\/www.muricionline.com.br\/novo\/?p=19844"},"modified":"2023-04-13T06:31:19","modified_gmt":"2023-04-13T09:31:19","slug":"estudantes-podem-solicitar-isencao-para-o-enem-2023-a-partir-do-dia-17","status":"publish","type":"post","link":"https:\/\/www.muricionline.com.br\/novo\/?p=19844","title":{"rendered":"Estudantes podem solicitar isen\u00e7\u00e3o para o Enem 2023 a partir do dia 17"},"content":{"rendered":"<p>Os estudantes que ir\u00e3o realizar o Exame Nacional do Ensino M\u00e9dio (Enem) deste ano podem solicitar a isen\u00e7\u00e3o da inscri\u00e7\u00e3o&nbsp;a partir da pr\u00f3xima segunda-feira (17), por meio do <a href=\"https:\/\/enem.inep.gov.br\/participante\/#!\/\" target=\"_blank\" rel=\"noopener noreferrer\">portal do participante<\/a>.&nbsp;Al\u00e9m disso, at\u00e9 o dia 28 deste m\u00eas, os candidatos que se inscreveram&nbsp;para a edi\u00e7\u00e3o 2022 do exame&nbsp;e,&nbsp;por qualquer motivo,&nbsp;n\u00e3o compareceram,&nbsp;podem&nbsp;justificar a aus\u00eancia&nbsp;e, com isso,&nbsp;garantir&nbsp;novamente&nbsp;a isen\u00e7\u00e3o.<\/p>\n<p>Tanto para solicitar a isen\u00e7\u00e3o da taxa de inscri\u00e7\u00e3o, quanto para justificar a aus\u00eancia \u00e0 prova do ano passado, o participante deve informar o n\u00famero de seu Cadastro de Pessoa F\u00edsica (CPF) e a sua data de nascimento, assim como informar endere\u00e7o de e-mail e n\u00famero de telefone v\u00e1lidos.<\/p>\n<p>Pode solicitar a isen\u00e7\u00e3o&nbsp;o participante que esteja cursando a \u00faltima s\u00e9rie do ensino m\u00e9dio em 2023 nas escolas da rede p\u00fablica. Tamb\u00e9m tem direito ao benef\u00edcio o inscrito que cursou todo o ensino m\u00e9dio em escola da rede p\u00fablica ou como bolsista integral na rede privada \u2013 nesse caso tendo que comprovar&nbsp;renda per capita igual ou inferior a um sal\u00e1rio m\u00ednimo e meio.<\/p>\n<p>A isen\u00e7\u00e3o pode ser solicitada, ainda, pelo participante que declara situa\u00e7\u00e3o de vulnerabilidade socioecon\u00f4mica, por ser membro de fam\u00edlia de baixa renda, com inscri\u00e7\u00e3o no Cadastro \u00danico (Cad\u00danico). Nesse caso, o interessado deve informar o seu N\u00famero de Identifica\u00e7\u00e3o Social (NIS).<\/p>\n<p>Ap\u00f3s este procedimento, os interessados, isentos ou n\u00e3o, devem realizar sua inscri\u00e7\u00e3o na P\u00e1gina do Participante, no per\u00edodo de 5 a 16 de junho.<\/p>\n<p><b>Justificativa<\/b><\/p>\n<p>J\u00e1 a&nbsp;justificativa de aus\u00eancia \u00e9 direcionada ao participante que teve concedida a isen\u00e7\u00e3o da taxa de inscri\u00e7\u00e3o no Enem 2022 e que n\u00e3o compareceu aos dois dias de prova, mas deseja solicitar&nbsp;a&nbsp;isen\u00e7\u00e3o na edi\u00e7\u00e3o de 2023. Para isso, \u00e9 necess\u00e1rio enviar documenta\u00e7\u00e3o que comprove o motivo da aus\u00eancia.<\/p>\n<p>Todos os documentos dever\u00e3o estar datados e assinados. N\u00e3o ser\u00e3o aceitos documentos autodeclarat\u00f3rios ou emitidos por pais ou respons\u00e1veis.&nbsp;Outro detalhe \u00e9 que&nbsp;ser\u00e3o aceitos&nbsp;apenas&nbsp;documentos nos formatos PDF, PNG ou JPG, com o tamanho m\u00e1ximo de 2 MB.<\/p>\n<p>&nbsp;<\/p>\n<p>Com Ascom Seduc<\/p>\n<span style=\"clear:both;display:none;\"><img src=\"http:\/\/www.muricionline.com.br\/novo\/wp-content\/plugins\/wp-spamfree\/img\/wpsf-img.php\" width=\"0\" height=\"0\" alt=\"\" style=\"border-style:none;width:0px;height:0px;display:none;\" \/><\/span>","protected":false},"excerpt":{"rendered":"<p>Os estudantes que ir\u00e3o realizar o Exame Nacional do Ensino M\u00e9dio (Enem) deste ano podem solicitar a isen\u00e7\u00e3o da inscri\u00e7\u00e3o&nbsp;a partir da pr\u00f3xima segunda-feira (17), por meio do portal do participante.&nbsp;Al\u00e9m disso, at\u00e9 o dia 28 deste m\u00eas, os candidatos que se inscreveram&nbsp;para a edi\u00e7\u00e3o 2022 do exame&nbsp;e,&nbsp;por qualquer motivo,&nbsp;n\u00e3o compareceram,&nbsp;podem&nbsp;justificar a aus\u00eancia&nbsp;e, com isso,&nbsp;garantir&nbsp;novamente&nbsp;a&#8230;<\/p>\n","protected":false},"author":1,"featured_media":19845,"comment_status":"open","ping_status":"open","sticky":false,"template":"","format":"standard","meta":{"footnotes":""},"categories":[1],"tags":[5],"_links":{"self":[{"href":"https:\/\/www.muricionline.com.br\/novo\/index.php?rest_route=\/wp\/v2\/posts\/19844"}],"collection":[{"href":"https:\/\/www.muricionline.com.br\/novo\/index.php?rest_route=\/wp\/v2\/posts"}],"about":[{"href":"https:\/\/www.muricionline.com.br\/novo\/index.php?rest_route=\/wp\/v2\/types\/post"}],"author":[{"embeddable":true,"href":"https:\/\/www.muricionline.com.br\/novo\/index.php?rest_route=\/wp\/v2\/users\/1"}],"replies":[{"embeddable":true,"href":"https:\/\/www.muricionline.com.br\/novo\/index.php?rest_route=%2Fwp%2Fv2%2Fcomments&post=19844"}],"version-history":[{"count":1,"href":"https:\/\/www.muricionline.com.br\/novo\/index.php?rest_route=\/wp\/v2\/posts\/19844\/revisions"}],"predecessor-version":[{"id":19847,"href":"https:\/\/www.muricionline.com.br\/novo\/index.php?rest_route=\/wp\/v2\/posts\/19844\/revisions\/19847"}],"wp:featuredmedia":[{"embeddable":true,"href":"https:\/\/www.muricionline.com.br\/novo\/index.php?rest_route=\/wp\/v2\/media\/19845"}],"wp:attachment":[{"href":"https:\/\/www.muricionline.com.br\/novo\/index.php?rest_route=%2Fwp%2Fv2%2Fmedia&parent=19844"}],"wp:term":[{"taxonomy":"category","embeddable":true,"href":"https:\/\/www.muricionline.com.br\/novo\/index.php?rest_route=%2Fwp%2Fv2%2Fcategories&post=19844"},{"taxonomy":"post_tag","embeddable":true,"href":"https:\/\/www.muricionline.com.br\/novo\/index.php?rest_route=%2Fwp%2Fv2%2Ftags&post=19844"}],"curies":[{"name":"wp","href":"https:\/\/api.w.org\/{rel}","templated":true}]}}