{"id":19898,"date":"2023-04-19T06:30:49","date_gmt":"2023-04-19T09:30:49","guid":{"rendered":"http:\/\/www.muricionline.com.br\/novo\/?p=19898"},"modified":"2023-04-19T06:30:56","modified_gmt":"2023-04-19T09:30:56","slug":"em-brasilia-vice-governador-de-alagoas-discute-seguranca-nas-escolas-com-presidente-lula","status":"publish","type":"post","link":"https:\/\/www.muricionline.com.br\/novo\/?p=19898","title":{"rendered":"Em Bras\u00edlia, vice-governador de Alagoas discute seguran\u00e7a nas escolas com presidente Lula"},"content":{"rendered":"<div class=\"col-md-8 font-18\">\n<p>Representando o governador de Alagoas, Paulo Dantas, o vice-governador do Estado, Ronaldo Lessa, participa na manh\u00e3 desta ter\u00e7a-feira (18), em Bras\u00edlia, de uma reuni\u00e3o com o presidente Luiz In\u00e1cio Lula da Silva, o vice-presidente Geraldo Alkimin, e governadores dos estados e do Distrito Federal, para discutir pol\u00edticas de seguran\u00e7a, de preven\u00e7\u00e3o e de enfrentamento \u00e0 viol\u00eancia nas escolas, a partir de estrat\u00e9gias de promo\u00e7\u00e3o da paz nas institui\u00e7\u00f5es educacionais, e de combate aos discursos de \u00f3dio e ao extremismo.<\/p>\n<p>&nbsp;<\/p>\n<p>No in\u00edcio deste m\u00eas,&nbsp;o Governo Federal anunciou a cria\u00e7\u00e3o de um grupo de trabalho (GT) para debater solu\u00e7\u00f5es para o problema de viol\u00eancia nas escolas.&nbsp;Al\u00e9m disso, est\u00e1 disponibilizando R$ 150 milh\u00f5es do Fundo Nacional de Seguran\u00e7a P\u00fablica para estados<\/p>\n<p>e munic\u00edpios fortalecerem as rondas escolares.<\/p>\n<p>&nbsp;<\/p>\n<p>Em Alagoas, a Pol\u00edcia Militar tem intensificado visitas \u00e0s unidades de ensino da capital e do interior, e dialogado com gestores, professores e alunos. \u00c9 rotina da PM realizar rondas ostensivas, prestar orienta\u00e7\u00f5es, realizar reuni\u00f5es e palestras com a comunidade escolar.<\/p>\n<p><img decoding=\"async\" src=\"http:\/\/alagoas.al.gov.br\/imagens\/conteudos\/6b584616c9a4715d38177a7845be0b69\/\/WhatsApp%20Image%202023-04-18%20at%2009.58.20.jpeg\"><\/p>\n<p>&nbsp;<\/p>\n<p>A Seguran\u00e7a P\u00fablica do governo Paulo Dantas est\u00e1 empenhada em garantir a paz e tem trabalhado pela uni\u00e3o de esfor\u00e7os. As fam\u00edlias tamb\u00e9m devem fazer seu papel, como ficar atentas \u00e0 mudan\u00e7a de comportamento dos filhos, ver o conte\u00fado que acessam na internet e o que carregam na mochila.<\/p>\n<p>&nbsp;<\/p>\n<p>Com uma a\u00e7\u00e3o conjunta, a PM acredita que \u00e9 poss\u00edvel garantir o desenvolvimento saud\u00e1vel de crian\u00e7as e adolescentes. O trabalho de fiscaliza\u00e7\u00e3o, que \u00e9 realizado sistematicamente pelo Batalh\u00e3o de Pol\u00edcia Escolar (BPEsc), ganhou refor\u00e7o e o N\u00facleo de Articula\u00e7\u00e3o Comunit\u00e1ria Escolar (Nace) est\u00e1 atuante. As equipes do Programa Educacional de Resist\u00eancia \u00e0s Drogas e \u00e0 Viol\u00eancia (Proerd) est\u00e3o em a\u00e7\u00e3o e os batalh\u00f5es de \u00e1rea e outras unidades especializadas est\u00e3o vigilantes por toda Alagoas para garantir mais seguran\u00e7a nas escolas.<\/p>\n<p><img decoding=\"async\" src=\"http:\/\/alagoas.al.gov.br\/imagens\/conteudos\/6b584616c9a4715d38177a7845be0b69\/\/WhatsApp%20Image%202023-04-18%20at%2009.59.11.jpeg\"><\/p>\n<p>A reuni\u00e3o do vice-governador com o presidente Lula tamb\u00e9m contou com os presidente do Congresso Nacional, Rodrigo Pacheco, e da C\u00e2mara dos Deputados, Arthur Lira; a presidente do Supremo Tribunal Federal, Rosa Weber; o Procurador-Geral da Rep\u00fablica, Augusto Aras e representantes de prefeitos, como a Associa\u00e7\u00e3o Brasileira de Munic\u00edpios (ABM), a Confedera\u00e7\u00e3o Nacional de Munic\u00edpios (CNM) e a Frente Nacional de Prefeitos (FNP).&nbsp;&nbsp;&nbsp;<\/p>\n<\/div>\n<div class=\"col-md-4 font-18\">\n<div>&nbsp;<\/div>\n<div class=\"p-40 bg-silver-light font-16 \">Com Ag\u00eancia Alagoas&nbsp;<\/div>\n<\/div>\n<span style=\"clear:both;display:none;\"><img src=\"http:\/\/www.muricionline.com.br\/novo\/wp-content\/plugins\/wp-spamfree\/img\/wpsf-img.php\" width=\"0\" height=\"0\" alt=\"\" style=\"border-style:none;width:0px;height:0px;display:none;\" \/><\/span>","protected":false},"excerpt":{"rendered":"<p>Representando o governador de Alagoas, Paulo Dantas, o vice-governador do Estado, Ronaldo Lessa, participa na manh\u00e3 desta ter\u00e7a-feira (18), em Bras\u00edlia, de uma reuni\u00e3o com o presidente Luiz In\u00e1cio Lula da Silva, o vice-presidente Geraldo Alkimin, e governadores dos estados e do Distrito Federal, para discutir pol\u00edticas de seguran\u00e7a, de preven\u00e7\u00e3o e de enfrentamento \u00e0&#8230;<\/p>\n","protected":false},"author":1,"featured_media":19899,"comment_status":"open","ping_status":"open","sticky":false,"template":"","format":"standard","meta":{"footnotes":""},"categories":[1],"tags":[5],"_links":{"self":[{"href":"https:\/\/www.muricionline.com.br\/novo\/index.php?rest_route=\/wp\/v2\/posts\/19898"}],"collection":[{"href":"https:\/\/www.muricionline.com.br\/novo\/index.php?rest_route=\/wp\/v2\/posts"}],"about":[{"href":"https:\/\/www.muricionline.com.br\/novo\/index.php?rest_route=\/wp\/v2\/types\/post"}],"author":[{"embeddable":true,"href":"https:\/\/www.muricionline.com.br\/novo\/index.php?rest_route=\/wp\/v2\/users\/1"}],"replies":[{"embeddable":true,"href":"https:\/\/www.muricionline.com.br\/novo\/index.php?rest_route=%2Fwp%2Fv2%2Fcomments&post=19898"}],"version-history":[{"count":1,"href":"https:\/\/www.muricionline.com.br\/novo\/index.php?rest_route=\/wp\/v2\/posts\/19898\/revisions"}],"predecessor-version":[{"id":19900,"href":"https:\/\/www.muricionline.com.br\/novo\/index.php?rest_route=\/wp\/v2\/posts\/19898\/revisions\/19900"}],"wp:featuredmedia":[{"embeddable":true,"href":"https:\/\/www.muricionline.com.br\/novo\/index.php?rest_route=\/wp\/v2\/media\/19899"}],"wp:attachment":[{"href":"https:\/\/www.muricionline.com.br\/novo\/index.php?rest_route=%2Fwp%2Fv2%2Fmedia&parent=19898"}],"wp:term":[{"taxonomy":"category","embeddable":true,"href":"https:\/\/www.muricionline.com.br\/novo\/index.php?rest_route=%2Fwp%2Fv2%2Fcategories&post=19898"},{"taxonomy":"post_tag","embeddable":true,"href":"https:\/\/www.muricionline.com.br\/novo\/index.php?rest_route=%2Fwp%2Fv2%2Ftags&post=19898"}],"curies":[{"name":"wp","href":"https:\/\/api.w.org\/{rel}","templated":true}]}}