{"id":2006,"date":"2015-09-17T01:50:48","date_gmt":"2015-09-17T01:50:48","guid":{"rendered":"http:\/\/www.muricionline.com.br\/novo\/?p=2006"},"modified":"2015-09-17T01:50:48","modified_gmt":"2015-09-17T01:50:48","slug":"agentes-penitenciarios-recebem-instrucoes-para-manuseio-de-novas-espingardas","status":"publish","type":"post","link":"https:\/\/www.muricionline.com.br\/novo\/?p=2006","title":{"rendered":"Agentes penitenci\u00e1rios recebem instru\u00e7\u00f5es para manuseio de novas espingardas"},"content":{"rendered":"<p>Ap\u00f3s adquirir 100 espingardas calibre 12 tactical 8 tiros para refor\u00e7ar a seguran\u00e7a nas unidades do Sistema Prisional, a Secretaria de Ressocializa\u00e7\u00e3o e Inclus\u00e3o Social (Seris), atrav\u00e9s da Escola Penitenci\u00e1ria, disponibilizou uma aula de instru\u00e7\u00e3o e orienta\u00e7\u00e3o para conserva\u00e7\u00e3o e utiliza\u00e7\u00e3o do armamento. A a\u00e7\u00e3o ocorreu no complexo penitenci\u00e1rio, em Macei\u00f3, na ter\u00e7a-feira (1\u00ba).<\/p>\n<p>&nbsp;<\/p>\n<p>A aula foi dirigida aos agentes penitenci\u00e1rios que j\u00e1 est\u00e3o utilizando as armas para refor\u00e7ar a seguran\u00e7a em todas as oito unidades do sistema prisional alagoano. Os participantes receberam as recomenda\u00e7\u00f5es para fazer um plano de revis\u00e3o no equipamento. A inten\u00e7\u00e3o \u00e9 melhorar sua conserva\u00e7\u00e3o, gerando mais durabilidade e efici\u00eancia operacional.<\/p>\n<p>&nbsp;<\/p>\n<p>Para o engenheiro de produtos da Companhia Brasileira de Cartuchos Nelson Simioni, que trabalha na empresa fabricante das espingardas, a manuten\u00e7\u00e3o mal feita pode comprometer outros componentes da arma.<\/p>\n<p>&nbsp;<\/p>\n<p>\u201cMais do que evitar problemas, o manuseio correto possibilita economia, evita danos ao equipamento e gera seguran\u00e7a ao operador\u201d, lembra.<\/p>\n<p>&nbsp;<\/p>\n<p>Segundo o gerente do Grupo de Escolta e Remo\u00e7\u00e3o do Sistema Prisional, Marcus Cavalcante, o conhecimento t\u00e9cnico \u00e9 importante para otimizar as a\u00e7\u00f5es da Ressocializa\u00e7\u00e3o. \u201cCom a qualifica\u00e7\u00e3o, o agente penitenci\u00e1rio conhece a din\u00e2mica do equipamento e ganha mais conhecimento para diminuir o tempo de resposta operacional para manter a ordem nas unidades\u201d, completou.<\/p>\n<p>&nbsp;<\/p>\n<p><strong>Investimentos<\/strong><\/p>\n<p>&nbsp;<\/p>\n<p>Criada em 2009, a Escola Penitenci\u00e1ria disponibiliza \u00a0cursos nas \u00e1reas de seguran\u00e7a, disciplina, administra\u00e7\u00e3o penitenci\u00e1ria, rela\u00e7\u00f5es humanas, reinser\u00e7\u00e3o social, sa\u00fade e qualidade de vida. Nessas a\u00e7\u00f5es s\u00e3o transmitidas t\u00e9cnicas para conten\u00e7\u00e3o, mobiliza\u00e7\u00e3o, ataque e esquivas. A din\u00e2mica de ensino envolve a multiplica\u00e7\u00e3o do conhecimento entre os agentes.<\/p>\n<p>&nbsp;<\/p>\n<p>\u201cAl\u00e9m de qualificar, buscamos discutir melhores solu\u00e7\u00f5es para otimizar os servi\u00e7os prestados e aumentar a seguran\u00e7a nos pres\u00eddios, dentro daquilo que prev\u00ea a Lei de Execu\u00e7\u00f5es Penais\u201d. A gerente da Escola Penitenci\u00e1ria, Amanda Calheiros, afirma ainda que n\u00e3o basta fornecer armamentos, \u00e9 necess\u00e1rio construir parcerias s\u00f3lidas para os cursos.<\/p>\n<p>&nbsp;<\/p>\n<p>\u201cA parceria do Departamento Penitenci\u00e1rio Nacional (Depen) \u00e9 fundamental para viabilizar equipamentos novos e modernos, que somado ao apoio da Pol\u00edcia Militar, Secretaria de Seguran\u00e7a, Corpo de Bombeiros Militar e Universidade Federal de Alagoas (N\u00facleo de Estudos e Pol\u00edticas Penitenci\u00e1rias), com instrutores experientes e habilitados, enriquece os cursos ofertados aqui\u201d, destaca.<\/p>\n<p>&nbsp;<\/p>\n<p>Ao todo, foram investidos R$ 258 mil, por meio do Fundo Estadual de Seguran\u00e7a P\u00fablica (Funesp), para aquisi\u00e7\u00e3o das 100 espingardas\u00a0calibre 12 tactical 8 tiros.<\/p>\n<p>&nbsp;<\/p>\n<p>Com Agencia Alagoas<\/p>\n<span style=\"clear:both;display:none;\"><img src=\"http:\/\/www.muricionline.com.br\/novo\/wp-content\/plugins\/wp-spamfree\/img\/wpsf-img.php\" width=\"0\" height=\"0\" alt=\"\" style=\"border-style:none;width:0px;height:0px;display:none;\" \/><\/span>","protected":false},"excerpt":{"rendered":"<p>Ap\u00f3s adquirir 100 espingardas calibre 12 tactical 8 tiros para refor\u00e7ar a seguran\u00e7a nas unidades do Sistema Prisional, a Secretaria de Ressocializa\u00e7\u00e3o e Inclus\u00e3o Social (Seris), atrav\u00e9s da Escola Penitenci\u00e1ria, disponibilizou uma aula de instru\u00e7\u00e3o e orienta\u00e7\u00e3o para conserva\u00e7\u00e3o e utiliza\u00e7\u00e3o do armamento. A a\u00e7\u00e3o ocorreu no complexo penitenci\u00e1rio, em Macei\u00f3, na ter\u00e7a-feira (1\u00ba). &nbsp;&#8230;<\/p>\n","protected":false},"author":1,"featured_media":2007,"comment_status":"open","ping_status":"open","sticky":false,"template":"","format":"standard","meta":{"footnotes":""},"categories":[8],"tags":[5],"_links":{"self":[{"href":"https:\/\/www.muricionline.com.br\/novo\/index.php?rest_route=\/wp\/v2\/posts\/2006"}],"collection":[{"href":"https:\/\/www.muricionline.com.br\/novo\/index.php?rest_route=\/wp\/v2\/posts"}],"about":[{"href":"https:\/\/www.muricionline.com.br\/novo\/index.php?rest_route=\/wp\/v2\/types\/post"}],"author":[{"embeddable":true,"href":"https:\/\/www.muricionline.com.br\/novo\/index.php?rest_route=\/wp\/v2\/users\/1"}],"replies":[{"embeddable":true,"href":"https:\/\/www.muricionline.com.br\/novo\/index.php?rest_route=%2Fwp%2Fv2%2Fcomments&post=2006"}],"version-history":[{"count":1,"href":"https:\/\/www.muricionline.com.br\/novo\/index.php?rest_route=\/wp\/v2\/posts\/2006\/revisions"}],"predecessor-version":[{"id":2008,"href":"https:\/\/www.muricionline.com.br\/novo\/index.php?rest_route=\/wp\/v2\/posts\/2006\/revisions\/2008"}],"wp:featuredmedia":[{"embeddable":true,"href":"https:\/\/www.muricionline.com.br\/novo\/index.php?rest_route=\/wp\/v2\/media\/2007"}],"wp:attachment":[{"href":"https:\/\/www.muricionline.com.br\/novo\/index.php?rest_route=%2Fwp%2Fv2%2Fmedia&parent=2006"}],"wp:term":[{"taxonomy":"category","embeddable":true,"href":"https:\/\/www.muricionline.com.br\/novo\/index.php?rest_route=%2Fwp%2Fv2%2Fcategories&post=2006"},{"taxonomy":"post_tag","embeddable":true,"href":"https:\/\/www.muricionline.com.br\/novo\/index.php?rest_route=%2Fwp%2Fv2%2Ftags&post=2006"}],"curies":[{"name":"wp","href":"https:\/\/api.w.org\/{rel}","templated":true}]}}