{"id":2009,"date":"2015-09-17T01:55:51","date_gmt":"2015-09-17T01:55:51","guid":{"rendered":"http:\/\/www.muricionline.com.br\/novo\/?p=2009"},"modified":"2015-09-17T01:55:51","modified_gmt":"2015-09-17T01:55:51","slug":"ministro-da-integracao-vistoria-canal-do-sertao-e-confere-resultados","status":"publish","type":"post","link":"https:\/\/www.muricionline.com.br\/novo\/?p=2009","title":{"rendered":"Ministro da Integra\u00e7\u00e3o vistoria Canal do Sert\u00e3o e confere resultados"},"content":{"rendered":"<p>A secret\u00e1ria de Estado da Infraestrutura e o ministro da Integra\u00e7\u00e3o Nacional visitaram, nesta quinta-feira, 3, as obras do Canal do Sert\u00e3o. Aparecida Machado e Gilberto Occhi vistoriaram o trecho 3 da obra. Com previs\u00e3o de conclus\u00e3o da obra at\u00e9 setembro, o ministro fez um sobrevoo desde o quil\u00f4metro zero do canal e pode conferir os trechos 1 e 2, que j\u00e1 est\u00e3o em funcionamento, al\u00e9m da Adutora do Sert\u00e3o Alto, que ser\u00e1 conclu\u00edda at\u00e9 fevereiro de 2016.<\/p>\n<p>&nbsp;<\/p>\n<p>De acordo com Gilberto Occhi, j\u00e1 s\u00e3o vis\u00edveis as mudan\u00e7as nas regi\u00f5es que s\u00e3o atendidas pelo Canal.<\/p>\n<p>&nbsp;<\/p>\n<p>\u201cA nossa percep\u00e7\u00e3o \u00e9 que onde a \u00e1gua j\u00e1 est\u00e1 correndo temos uma mudan\u00e7a do cen\u00e1rio local, com os pequenos irrigantes, com a possibilidade de um abastecimento de \u00e1gua atrav\u00e9s de carros pipa, em fun\u00e7\u00e3o da escassez h\u00eddrica nessas regi\u00f5es de Alagoas. Estamos com uma expectativa muito grande com a execu\u00e7\u00e3o da Adutora do Alto Sert\u00e3o, que tem capta\u00e7\u00e3o no pr\u00f3prio Canal e que abastecer\u00e1 oito munic\u00edpios\u201d, disse o ministro da Integra\u00e7\u00e3o.<\/p>\n<p>&nbsp;<\/p>\n<p><img decoding=\"async\" class=\"image-inline\" title=\"\" src=\"http:\/\/agenciaalagoas.al.gov.br\/noticias\/2015-1\/9\/03092015MinGilbertoOcchiVisitaoCanaldoSertoNCRed6580x387.jpg\" alt=\"\" \/><\/p>\n<p>&nbsp;<\/p>\n<p>O Canal do Sert\u00e3o \u00e9 a maior obra de infraestrutura h\u00eddrica de Alagoas e uma das maiores do Nordeste, levando \u00e1gua para a popula\u00e7\u00e3o sertaneja que hoje sofre com a seca, melhorando a qualidade de vida da popula\u00e7\u00e3o e desenvolvendo a economia regional, contribuindo tamb\u00e9m para a redu\u00e7\u00e3o do \u00eaxodo rural no Sert\u00e3o.<\/p>\n<p>&nbsp;<\/p>\n<p><img decoding=\"async\" class=\"image-inline\" title=\"\" src=\"http:\/\/agenciaalagoas.al.gov.br\/noticias\/2015-1\/9\/03092015MinGilbertoOcchiVisitaoCanaldoSertoNCRed10580x387.jpg\" alt=\"\" \/><\/p>\n<p>&nbsp;<\/p>\n<p>O trecho 3 compreende do km 63 ao 94, passando pelos munic\u00edpios de \u00c1gua Branca, Olho D\u2019Agua do Casado, Inhapi e Senador Rui Palmeira, beneficiando mais de 75mil habitantes e empregando mais de 1.000 pessoas na obra.<\/p>\n<p>&nbsp;<\/p>\n<p>O ministro, a equipe t\u00e9cnica da Secretaria da Infraestrutura e da construtora, vistoriaram as obras da comporta 8 e 9, emboque e desemboque do t\u00fanel Mandacaru e a ponte canal 10. Todas localizadas no trecho 3 do Canal do Sert\u00e3o.<\/p>\n<p>&nbsp;<\/p>\n<p>Para Aparecida Machado, a vinda do ministro \u00e0 obra \u00e9 importante para que ele acompanhe o andamento dela e veja que o recurso enviado est\u00e1 sendo bem aplicado.<\/p>\n<p>&nbsp;<\/p>\n<p>\u201cA possibilidade de aumentarmos de imediato pelo menos 25 km a mais de \u00e1gua \u00e9 eminente. \u00c9 muito importante a vinda do ministro para que ele mantenha o fluxo dos recursos mesmo nesse momento de crise\u201d, ponderou a secret\u00e1ria estadual.<\/p>\n<p>&nbsp;<\/p>\n<p><img decoding=\"async\" class=\"image-inline\" title=\"\" src=\"http:\/\/agenciaalagoas.al.gov.br\/noticias\/2015-1\/9\/2904AgriculturacanaldosertoPauloRios10580x387.jpg\" alt=\"\" \/><\/p>\n<p>&nbsp;<\/p>\n<p>A obra \u00e9 parte integrante da interioriza\u00e7\u00e3o do desenvolvimento, que o Estado tanto destaca. Com \u00e1gua chegando ao pequeno produtor, a gera\u00e7\u00e3o de renda circula com mais facilidade, oportunizando ao cidad\u00e3o se inserir economicamente na regi\u00e3o. \u00c9 o bom uso da \u00e1gua do Canal do Sert\u00e3o mudando a realidade do Semi\u00e1rido alagoano.<\/p>\n<p>&nbsp;<\/p>\n<p>Com Agencia Alagoas<\/p>\n<span style=\"clear:both;display:none;\"><img src=\"http:\/\/www.muricionline.com.br\/novo\/wp-content\/plugins\/wp-spamfree\/img\/wpsf-img.php\" width=\"0\" height=\"0\" alt=\"\" style=\"border-style:none;width:0px;height:0px;display:none;\" \/><\/span>","protected":false},"excerpt":{"rendered":"<p>A secret\u00e1ria de Estado da Infraestrutura e o ministro da Integra\u00e7\u00e3o Nacional visitaram, nesta quinta-feira, 3, as obras do Canal do Sert\u00e3o. Aparecida Machado e Gilberto Occhi vistoriaram o trecho 3 da obra. Com previs\u00e3o de conclus\u00e3o da obra at\u00e9 setembro, o ministro fez um sobrevoo desde o quil\u00f4metro zero do canal e pode conferir&#8230;<\/p>\n","protected":false},"author":1,"featured_media":2010,"comment_status":"open","ping_status":"open","sticky":false,"template":"","format":"standard","meta":{"footnotes":""},"categories":[8],"tags":[5],"_links":{"self":[{"href":"https:\/\/www.muricionline.com.br\/novo\/index.php?rest_route=\/wp\/v2\/posts\/2009"}],"collection":[{"href":"https:\/\/www.muricionline.com.br\/novo\/index.php?rest_route=\/wp\/v2\/posts"}],"about":[{"href":"https:\/\/www.muricionline.com.br\/novo\/index.php?rest_route=\/wp\/v2\/types\/post"}],"author":[{"embeddable":true,"href":"https:\/\/www.muricionline.com.br\/novo\/index.php?rest_route=\/wp\/v2\/users\/1"}],"replies":[{"embeddable":true,"href":"https:\/\/www.muricionline.com.br\/novo\/index.php?rest_route=%2Fwp%2Fv2%2Fcomments&post=2009"}],"version-history":[{"count":1,"href":"https:\/\/www.muricionline.com.br\/novo\/index.php?rest_route=\/wp\/v2\/posts\/2009\/revisions"}],"predecessor-version":[{"id":2011,"href":"https:\/\/www.muricionline.com.br\/novo\/index.php?rest_route=\/wp\/v2\/posts\/2009\/revisions\/2011"}],"wp:featuredmedia":[{"embeddable":true,"href":"https:\/\/www.muricionline.com.br\/novo\/index.php?rest_route=\/wp\/v2\/media\/2010"}],"wp:attachment":[{"href":"https:\/\/www.muricionline.com.br\/novo\/index.php?rest_route=%2Fwp%2Fv2%2Fmedia&parent=2009"}],"wp:term":[{"taxonomy":"category","embeddable":true,"href":"https:\/\/www.muricionline.com.br\/novo\/index.php?rest_route=%2Fwp%2Fv2%2Fcategories&post=2009"},{"taxonomy":"post_tag","embeddable":true,"href":"https:\/\/www.muricionline.com.br\/novo\/index.php?rest_route=%2Fwp%2Fv2%2Ftags&post=2009"}],"curies":[{"name":"wp","href":"https:\/\/api.w.org\/{rel}","templated":true}]}}