{"id":2012,"date":"2015-09-17T02:03:32","date_gmt":"2015-09-17T02:03:32","guid":{"rendered":"http:\/\/www.muricionline.com.br\/novo\/?p=2012"},"modified":"2015-09-17T02:03:32","modified_gmt":"2015-09-17T02:03:32","slug":"secretario-da-educacao-se-reune-com-monitores-da-rede-estadual","status":"publish","type":"post","link":"https:\/\/www.muricionline.com.br\/novo\/?p=2012","title":{"rendered":"Secret\u00e1rio da Educa\u00e7\u00e3o se re\u00fane com monitores da rede estadual"},"content":{"rendered":"<p>O secret\u00e1rio de Estado da Educa\u00e7\u00e3o, Luciano Barbosa, e a adjunta Laura Souza, se reuniram, esta semana, com representantes do Movimento Pr\u00f3-monitores a fim de discutir demandas do segmento. Entre as pautas, revis\u00e3o contratual, melhoria de remunera\u00e7\u00e3o e horas para departamento.<\/p>\n<p>&nbsp;<\/p>\n<p>Na ocasi\u00e3o, o secret\u00e1rio ressaltou a import\u00e2ncia do trabalho dos monitores e reconheceu os relevantes servi\u00e7os que estes prestam \u00e0 educa\u00e7\u00e3o estadual.<\/p>\n<p>&nbsp;<\/p>\n<p>Barbosa informou, ainda, que a secretaria, ap\u00f3s v\u00e1rias reuni\u00f5es com o Instituto de Tecnologia em Inform\u00e1tica e Informa\u00e7\u00e3o do Estado de Alagoas (Itec) e Secretaria de Estaddo do Planejamento, Gest\u00e3o e Patrim\u00f4nio, efetuou a migra\u00e7\u00e3o do pagamento dos monitores para a folha dos efetivos, com a finalidade de garantir o vencimento no m\u00eas trabalhado.<\/p>\n<p>&nbsp;<\/p>\n<p>O secret\u00e1rio tamb\u00e9m disse que n\u00e3o medir\u00e1 esfor\u00e7os para atender ao pleito da categoria no \u00e2mbito de sua compet\u00eancia e de acordo com a legalidade, destacando que a SEE vai trabalhar para que os monitores tenham direito a f\u00e9rias e 13\u00ba sal\u00e1rio. \u201cVou fazer o que tiver ao meu alcance dentro da lei. Voc\u00eas merecem e, o que depender de mim, batalharei para melhorias para a categoria\u201d, declarou.<\/p>\n<p>&nbsp;<\/p>\n<p>J\u00e1 a secret\u00e1ria Laura Souza ressaltou que tamb\u00e9m est\u00e3o em an\u00e1lise demandas relativas \u00e0 forma\u00e7\u00e3o continuada de monitores.<\/p>\n<p><b>Avan\u00e7o<\/b>\u00a0<\/p>\n<p>&nbsp;<\/p>\n<p>Um dos representantes do movimento, Victor Leite, contou que movimento foi criado para garantir melhorias para os monitores e j\u00e1 considera como conquista o reajuste da remunera\u00e7\u00e3o da categoria, que passa de R$ 11,16 para R$15,00 hora\/aula no edital de contrata\u00e7\u00e3o de monitores publicado no Di\u00e1rio Oficial da \u00faltima ter\u00e7a-feira (dia 1\u00ba) e cujas inscri\u00e7\u00f5es j\u00e1 est\u00e3o abertas..<\/p>\n<p>Com Agencia Alagoas<\/p>\n<span style=\"clear:both;display:none;\"><img src=\"http:\/\/www.muricionline.com.br\/novo\/wp-content\/plugins\/wp-spamfree\/img\/wpsf-img.php\" width=\"0\" height=\"0\" alt=\"\" style=\"border-style:none;width:0px;height:0px;display:none;\" \/><\/span>","protected":false},"excerpt":{"rendered":"<p>O secret\u00e1rio de Estado da Educa\u00e7\u00e3o, Luciano Barbosa, e a adjunta Laura Souza, se reuniram, esta semana, com representantes do Movimento Pr\u00f3-monitores a fim de discutir demandas do segmento. Entre as pautas, revis\u00e3o contratual, melhoria de remunera\u00e7\u00e3o e horas para departamento. &nbsp; Na ocasi\u00e3o, o secret\u00e1rio ressaltou a import\u00e2ncia do trabalho dos monitores e reconheceu&#8230;<\/p>\n","protected":false},"author":1,"featured_media":0,"comment_status":"open","ping_status":"open","sticky":false,"template":"","format":"standard","meta":{"footnotes":""},"categories":[8],"tags":[],"_links":{"self":[{"href":"https:\/\/www.muricionline.com.br\/novo\/index.php?rest_route=\/wp\/v2\/posts\/2012"}],"collection":[{"href":"https:\/\/www.muricionline.com.br\/novo\/index.php?rest_route=\/wp\/v2\/posts"}],"about":[{"href":"https:\/\/www.muricionline.com.br\/novo\/index.php?rest_route=\/wp\/v2\/types\/post"}],"author":[{"embeddable":true,"href":"https:\/\/www.muricionline.com.br\/novo\/index.php?rest_route=\/wp\/v2\/users\/1"}],"replies":[{"embeddable":true,"href":"https:\/\/www.muricionline.com.br\/novo\/index.php?rest_route=%2Fwp%2Fv2%2Fcomments&post=2012"}],"version-history":[{"count":1,"href":"https:\/\/www.muricionline.com.br\/novo\/index.php?rest_route=\/wp\/v2\/posts\/2012\/revisions"}],"predecessor-version":[{"id":2013,"href":"https:\/\/www.muricionline.com.br\/novo\/index.php?rest_route=\/wp\/v2\/posts\/2012\/revisions\/2013"}],"wp:attachment":[{"href":"https:\/\/www.muricionline.com.br\/novo\/index.php?rest_route=%2Fwp%2Fv2%2Fmedia&parent=2012"}],"wp:term":[{"taxonomy":"category","embeddable":true,"href":"https:\/\/www.muricionline.com.br\/novo\/index.php?rest_route=%2Fwp%2Fv2%2Fcategories&post=2012"},{"taxonomy":"post_tag","embeddable":true,"href":"https:\/\/www.muricionline.com.br\/novo\/index.php?rest_route=%2Fwp%2Fv2%2Ftags&post=2012"}],"curies":[{"name":"wp","href":"https:\/\/api.w.org\/{rel}","templated":true}]}}