{"id":2027,"date":"2015-09-17T02:44:40","date_gmt":"2015-09-17T02:44:40","guid":{"rendered":"http:\/\/www.muricionline.com.br\/novo\/?p=2027"},"modified":"2015-09-17T02:44:40","modified_gmt":"2015-09-17T02:44:40","slug":"branquinha-realiza-campanha-de-hanseniase-e-geohelmintiase-nas-unidades-escolares","status":"publish","type":"post","link":"https:\/\/www.muricionline.com.br\/novo\/?p=2027","title":{"rendered":"BRANQUINHA REALIZA CAMPANHA DE HANSEN\u00cdASE E GEOHELMINT\u00cdASE NAS UNIDADES ESCOLARES"},"content":{"rendered":"<p>A Secretaria Municipal de Sa\u00fade de Branquinha realizou no m\u00eas de agosto, a Campanha Nacional de Hansen\u00edase e Geohelmint\u00edase em todas as unidades escolares, para crian\u00e7as na faixa et\u00e1ria entre 05 a 14 anos de idade. A Campanha mobiliza coordenadores, t\u00e9cnicos da \u00e1rea de sa\u00fade e professores.<\/p>\n<p>Com a parceria da Secretaria Municipal de Educa\u00e7\u00e3o, a Campanha se estender\u00e1 at\u00e9 o dia 15 de setembro, e a<span class=\"text_exposed_show\"> meta da Secretaria Municipal de Sa\u00fade (SMS) \u00e9 alcan\u00e7ar todas as crian\u00e7as com idade entre 05 a 14 anos, idade definida pelo Minist\u00e9rio da Sa\u00fade por apresentar maior vulnerabilidade \u00e0s infec\u00e7\u00f5es. <\/span><\/p>\n<div class=\"text_exposed_show\">\n<p>&#8220;Estamos levando o tratamento para todos os alunos da rede de ensino de Satuba e evitar doen\u00e7as\u201d enfatiza a secretaria de sa\u00fade Izabel da purifica\u00e7\u00e3o .<\/p>\n<p>O objetivo da Vigil\u00e2ncia Epidemiol\u00f3gica de reduzir as cargas parasit\u00e1rias de geohelmintos, prevenir e descobrir precocemente a Hansen\u00edase. Todos os casos suspeitos ser\u00e3o encaminhados \u00e0 Rede B\u00e1sica de Sa\u00fade para confirma\u00e7\u00e3o do diagn\u00f3stico e tratamento.<\/p>\n<\/div>\n<span style=\"clear:both;display:none;\"><img src=\"http:\/\/www.muricionline.com.br\/novo\/wp-content\/plugins\/wp-spamfree\/img\/wpsf-img.php\" width=\"0\" height=\"0\" alt=\"\" style=\"border-style:none;width:0px;height:0px;display:none;\" \/><\/span>","protected":false},"excerpt":{"rendered":"<p>A Secretaria Municipal de Sa\u00fade de Branquinha realizou no m\u00eas de agosto, a Campanha Nacional de Hansen\u00edase e Geohelmint\u00edase em todas as unidades escolares, para crian\u00e7as na faixa et\u00e1ria entre 05 a 14 anos de idade. A Campanha mobiliza coordenadores, t\u00e9cnicos da \u00e1rea de sa\u00fade e professores. Com a parceria da Secretaria Municipal de Educa\u00e7\u00e3o,&#8230;<\/p>\n","protected":false},"author":1,"featured_media":2028,"comment_status":"open","ping_status":"open","sticky":false,"template":"","format":"standard","meta":{"footnotes":""},"categories":[8],"tags":[5],"_links":{"self":[{"href":"https:\/\/www.muricionline.com.br\/novo\/index.php?rest_route=\/wp\/v2\/posts\/2027"}],"collection":[{"href":"https:\/\/www.muricionline.com.br\/novo\/index.php?rest_route=\/wp\/v2\/posts"}],"about":[{"href":"https:\/\/www.muricionline.com.br\/novo\/index.php?rest_route=\/wp\/v2\/types\/post"}],"author":[{"embeddable":true,"href":"https:\/\/www.muricionline.com.br\/novo\/index.php?rest_route=\/wp\/v2\/users\/1"}],"replies":[{"embeddable":true,"href":"https:\/\/www.muricionline.com.br\/novo\/index.php?rest_route=%2Fwp%2Fv2%2Fcomments&post=2027"}],"version-history":[{"count":1,"href":"https:\/\/www.muricionline.com.br\/novo\/index.php?rest_route=\/wp\/v2\/posts\/2027\/revisions"}],"predecessor-version":[{"id":2029,"href":"https:\/\/www.muricionline.com.br\/novo\/index.php?rest_route=\/wp\/v2\/posts\/2027\/revisions\/2029"}],"wp:featuredmedia":[{"embeddable":true,"href":"https:\/\/www.muricionline.com.br\/novo\/index.php?rest_route=\/wp\/v2\/media\/2028"}],"wp:attachment":[{"href":"https:\/\/www.muricionline.com.br\/novo\/index.php?rest_route=%2Fwp%2Fv2%2Fmedia&parent=2027"}],"wp:term":[{"taxonomy":"category","embeddable":true,"href":"https:\/\/www.muricionline.com.br\/novo\/index.php?rest_route=%2Fwp%2Fv2%2Fcategories&post=2027"},{"taxonomy":"post_tag","embeddable":true,"href":"https:\/\/www.muricionline.com.br\/novo\/index.php?rest_route=%2Fwp%2Fv2%2Ftags&post=2027"}],"curies":[{"name":"wp","href":"https:\/\/api.w.org\/{rel}","templated":true}]}}