{"id":20695,"date":"2023-06-28T10:37:58","date_gmt":"2023-06-28T13:37:58","guid":{"rendered":"http:\/\/www.muricionline.com.br\/novo\/?p=20695"},"modified":"2023-06-28T10:37:58","modified_gmt":"2023-06-28T13:37:58","slug":"diversas-ruas-sao-beneficiadas-com-calcamento-em-santana-do-mundau","status":"publish","type":"post","link":"https:\/\/www.muricionline.com.br\/novo\/?p=20695","title":{"rendered":"Diversas ruas s\u00e3o beneficiadas com cal\u00e7amento em Santana do Munda\u00fa"},"content":{"rendered":"<p>A Prefeitura de Santana do Munda\u00fa, em parceria com o Governo do Estado, atrav\u00e9s do programa Minha Cidade Linda, concluiu a pavimenta\u00e7\u00e3o em paralelep\u00edpedo de diversas ruas do munic\u00edpio. Foram beneficiados o acesso e ruas do Conjunto Habitacional Arnon de Melo (COHAB); acesso do Mirim; popular Rua da Cacimba; Professora Rosina; Rua Sinfr\u00f4nio Glilherm\u00ednio Neto; Bom Jesus, conhecida como Liinha e Vila Kenedy (de Tonho Caetano).<\/p>\n<p>O prefeito Arthur Freitas esteve nas localidades e destacou o empenho para que as obras &#8211; que atendem a um desejo antigo da comunidade, fossem conclu\u00eddas.<\/p>\n<p>\u201cSabemos das dificuldades que os moradores enfrentavam quando as ruas eram de barro. Com seriedade, planejamento e fruto da parceria com o Governo do Estado, asseguramos a realiza\u00e7\u00e3o dessa importante obra de infraestrutura e mobilidade que atende a uma demanda antiga das comunidades. Al\u00e9m das melhorias de locomo\u00e7\u00e3o, a pavimenta\u00e7\u00e3o valoriza as localidades, al\u00e9m de proporcionar bem estar e qualidade de vida para todos. Mais um compromisso da nossa gest\u00e3o firmado e cumprido. O trabalho n\u00e3o para\u201d, disse.<\/p>\n<p>&nbsp;<\/p>\n<p>Com Assessoria&nbsp;<\/p>\n<span style=\"clear:both;display:none;\"><img src=\"http:\/\/www.muricionline.com.br\/novo\/wp-content\/plugins\/wp-spamfree\/img\/wpsf-img.php\" width=\"0\" height=\"0\" alt=\"\" style=\"border-style:none;width:0px;height:0px;display:none;\" \/><\/span>","protected":false},"excerpt":{"rendered":"<p>A Prefeitura de Santana do Munda\u00fa, em parceria com o Governo do Estado, atrav\u00e9s do programa Minha Cidade Linda, concluiu a pavimenta\u00e7\u00e3o em paralelep\u00edpedo de diversas ruas do munic\u00edpio. Foram beneficiados o acesso e ruas do Conjunto Habitacional Arnon de Melo (COHAB); acesso do Mirim; popular Rua da Cacimba; Professora Rosina; Rua Sinfr\u00f4nio Glilherm\u00ednio Neto;&#8230;<\/p>\n","protected":false},"author":1,"featured_media":20696,"comment_status":"open","ping_status":"open","sticky":false,"template":"","format":"standard","meta":{"footnotes":""},"categories":[1],"tags":[5],"_links":{"self":[{"href":"https:\/\/www.muricionline.com.br\/novo\/index.php?rest_route=\/wp\/v2\/posts\/20695"}],"collection":[{"href":"https:\/\/www.muricionline.com.br\/novo\/index.php?rest_route=\/wp\/v2\/posts"}],"about":[{"href":"https:\/\/www.muricionline.com.br\/novo\/index.php?rest_route=\/wp\/v2\/types\/post"}],"author":[{"embeddable":true,"href":"https:\/\/www.muricionline.com.br\/novo\/index.php?rest_route=\/wp\/v2\/users\/1"}],"replies":[{"embeddable":true,"href":"https:\/\/www.muricionline.com.br\/novo\/index.php?rest_route=%2Fwp%2Fv2%2Fcomments&post=20695"}],"version-history":[{"count":1,"href":"https:\/\/www.muricionline.com.br\/novo\/index.php?rest_route=\/wp\/v2\/posts\/20695\/revisions"}],"predecessor-version":[{"id":20697,"href":"https:\/\/www.muricionline.com.br\/novo\/index.php?rest_route=\/wp\/v2\/posts\/20695\/revisions\/20697"}],"wp:featuredmedia":[{"embeddable":true,"href":"https:\/\/www.muricionline.com.br\/novo\/index.php?rest_route=\/wp\/v2\/media\/20696"}],"wp:attachment":[{"href":"https:\/\/www.muricionline.com.br\/novo\/index.php?rest_route=%2Fwp%2Fv2%2Fmedia&parent=20695"}],"wp:term":[{"taxonomy":"category","embeddable":true,"href":"https:\/\/www.muricionline.com.br\/novo\/index.php?rest_route=%2Fwp%2Fv2%2Fcategories&post=20695"},{"taxonomy":"post_tag","embeddable":true,"href":"https:\/\/www.muricionline.com.br\/novo\/index.php?rest_route=%2Fwp%2Fv2%2Ftags&post=20695"}],"curies":[{"name":"wp","href":"https:\/\/api.w.org\/{rel}","templated":true}]}}