{"id":22040,"date":"2023-12-07T12:19:42","date_gmt":"2023-12-07T15:19:42","guid":{"rendered":"http:\/\/www.muricionline.com.br\/novo\/?p=22040"},"modified":"2023-12-07T12:19:42","modified_gmt":"2023-12-07T15:19:42","slug":"aluno-de-creche-municipal-em-santana-e-destaque-no-premio-cria-do-governo-de-alagoas","status":"publish","type":"post","link":"https:\/\/www.muricionline.com.br\/novo\/?p=22040","title":{"rendered":"Aluno de creche municipal em Santana \u00e9 destaque no Pr\u00eamio Cria do Governo de Alagoas"},"content":{"rendered":"<p>O pequeno Victor Hugo Barros Pereira, de aluno do Centro Municipal de Educa\u00e7\u00e3o Infantil T\u00e2nia Maria Vieira, em Santana do Ipanema, foi um dos estudantes selecionados na categoria Crian\u00e7a Destaque de at\u00e9 6 anos do Pr\u00eamio Cria do Governo de Alagoas, iniciativa da Secretaria da Primeira Inf\u00e2ncia (Cria).<\/p>\n<p>A premia\u00e7\u00e3o ocorrer\u00e1 no pr\u00f3ximo dia 11 de dezembro, \u00e0s 9h, no Centro Cultural e de Exposi\u00e7\u00f5es Ruth Cardoso, em Macei\u00f3. Ao todo, ser\u00e3o 45 premia\u00e7\u00f5es.<\/p>\n<p>Victor tem uma hist\u00f3ria de supera\u00e7\u00e3o emocionante que foi relatada em um v\u00eddeo. Ele contou um fato marcante que foi a perda do seu pai. Mas foi gra\u00e7as ao apoio da fam\u00edlia e da comunidade escolar que ele conseguiu superar a perda.<\/p>\n<p>\u201cO fato que marcou minha vida foi que meu pai virou estrelinha, fiquei muito triste, n\u00e3o conseguia fazer a tarefa, n\u00e3o tinha vontade de brincar, nem de comer. Mas, com ajuda dos familiares, da professora e dos coleguinhas, a tristeza foi passando de pouquinho em pouquinho\u201d, contou.<\/p>\n<p>Com o apoio da fam\u00edlia, professora e colegas de turma, Victor voltou a fazer as tarefas da escola e de fazer o que mais gosta, que \u00e9 ler.<\/p>\n<p>Ele tamb\u00e9m entrou no esporte, por meio da capoeira que \u00e9 ofertada na creche e se diverte muito executando movimentos de ataque e defesa, nessa mistura de arte marcial, dan\u00e7a e m\u00fasica.<\/p>\n<p>Em Santana do Ipanema, o ensino p\u00fablico \u00e9 levado a s\u00e9rio na gest\u00e3o da prefeita Christiane Bulh\u00f5es, que entende que a Educa\u00e7\u00e3o \u00e9 um dos principais instrumentos de transforma\u00e7\u00e3o social e sempre ser\u00e1 uma prioridade em sua administra\u00e7\u00e3o. Professores passam por forma\u00e7\u00f5es e capacita\u00e7\u00f5es; as escolas foram reformadas e modernizadas; os alunos receberam fardamento escolar e \u00f3culos de grau [os que foram diagnosticados com problemas oculares]; e demais incentivos que fazem com que a educa\u00e7\u00e3o avance cada vez mais.<\/p>\n<p>&nbsp;<\/p>\n<p>Com Assessoria&nbsp;<\/p>\n<span style=\"clear:both;display:none;\"><img src=\"http:\/\/www.muricionline.com.br\/novo\/wp-content\/plugins\/wp-spamfree\/img\/wpsf-img.php\" width=\"0\" height=\"0\" alt=\"\" style=\"border-style:none;width:0px;height:0px;display:none;\" \/><\/span>","protected":false},"excerpt":{"rendered":"<p>O pequeno Victor Hugo Barros Pereira, de aluno do Centro Municipal de Educa\u00e7\u00e3o Infantil T\u00e2nia Maria Vieira, em Santana do Ipanema, foi um dos estudantes selecionados na categoria Crian\u00e7a Destaque de at\u00e9 6 anos do Pr\u00eamio Cria do Governo de Alagoas, iniciativa da Secretaria da Primeira Inf\u00e2ncia (Cria). A premia\u00e7\u00e3o ocorrer\u00e1 no pr\u00f3ximo dia 11&#8230;<\/p>\n","protected":false},"author":1,"featured_media":22041,"comment_status":"open","ping_status":"open","sticky":false,"template":"","format":"standard","meta":{"footnotes":""},"categories":[1],"tags":[5],"_links":{"self":[{"href":"https:\/\/www.muricionline.com.br\/novo\/index.php?rest_route=\/wp\/v2\/posts\/22040"}],"collection":[{"href":"https:\/\/www.muricionline.com.br\/novo\/index.php?rest_route=\/wp\/v2\/posts"}],"about":[{"href":"https:\/\/www.muricionline.com.br\/novo\/index.php?rest_route=\/wp\/v2\/types\/post"}],"author":[{"embeddable":true,"href":"https:\/\/www.muricionline.com.br\/novo\/index.php?rest_route=\/wp\/v2\/users\/1"}],"replies":[{"embeddable":true,"href":"https:\/\/www.muricionline.com.br\/novo\/index.php?rest_route=%2Fwp%2Fv2%2Fcomments&post=22040"}],"version-history":[{"count":1,"href":"https:\/\/www.muricionline.com.br\/novo\/index.php?rest_route=\/wp\/v2\/posts\/22040\/revisions"}],"predecessor-version":[{"id":22042,"href":"https:\/\/www.muricionline.com.br\/novo\/index.php?rest_route=\/wp\/v2\/posts\/22040\/revisions\/22042"}],"wp:featuredmedia":[{"embeddable":true,"href":"https:\/\/www.muricionline.com.br\/novo\/index.php?rest_route=\/wp\/v2\/media\/22041"}],"wp:attachment":[{"href":"https:\/\/www.muricionline.com.br\/novo\/index.php?rest_route=%2Fwp%2Fv2%2Fmedia&parent=22040"}],"wp:term":[{"taxonomy":"category","embeddable":true,"href":"https:\/\/www.muricionline.com.br\/novo\/index.php?rest_route=%2Fwp%2Fv2%2Fcategories&post=22040"},{"taxonomy":"post_tag","embeddable":true,"href":"https:\/\/www.muricionline.com.br\/novo\/index.php?rest_route=%2Fwp%2Fv2%2Ftags&post=22040"}],"curies":[{"name":"wp","href":"https:\/\/api.w.org\/{rel}","templated":true}]}}