{"id":22043,"date":"2023-12-08T10:58:29","date_gmt":"2023-12-08T13:58:29","guid":{"rendered":"http:\/\/www.muricionline.com.br\/novo\/?p=22043"},"modified":"2023-12-08T10:58:34","modified_gmt":"2023-12-08T13:58:34","slug":"prefeitura-de-branquinha-realiza-cerimonia-de-formatura-para-agentes-de-saude-e-de-combate-as-endemias","status":"publish","type":"post","link":"https:\/\/www.muricionline.com.br\/novo\/?p=22043","title":{"rendered":"Prefeitura de Branquinha realiza cerim\u00f4nia de formatura para Agentes de Sa\u00fade e de Combate \u00e0s Endemias"},"content":{"rendered":"<p>A Prefeitura de Branquinha, atrav\u00e9s da Secretaria de Sa\u00fade, realizou, na noite desta quinta-feira (07), na Escola Municipal Dem\u00f3crito Jos\u00e9, a solenidade de formatura dos 27 concluintes dos cursos t\u00e9cnicos em Agente Comunit\u00e1rio de Sa\u00fade e Agente de Combate \u00e0s Endemias. Ap\u00f3s a entrega dos certificados e homenagens, os formandos e seus convidados aproveitaram o baile preparado com muito requinte e riqueza de detalhes. Com palco, pista com luz de LED, mesa de doces finos e uma bel\u00edssima decora\u00e7\u00e3o, a noite especial tamb\u00e9m contou com jantar, barraca de coquet\u00e9is e drinks e muita m\u00fasica ao som de Douglas Soares.<\/p>\n<p>Entre os meses de agosto de 2022 e julho de 2023, os profissionais participaram do \u201cPrograma Sa\u00fade Com Agente\u201d que \u00e9 uma iniciativa do Minist\u00e9rio da Sa\u00fade em parceria com a Universidade Federal do Rio Grande do Sul (UFRGS), o Conselho Nacional de Secretarias Municipais de Sa\u00fade (Conasems) e as prefeituras, com o objetivo de aprimorar a forma\u00e7\u00e3o dos agentes para atuarem no Sistema \u00danico de Sa\u00fade (SUS).<\/p>\n<p>O secret\u00e1rio de sa\u00fade, Renato Purifica\u00e7\u00e3o, falou da import\u00e2ncia da forma\u00e7\u00e3o para os profissionais e tamb\u00e9m para o munic\u00edpio. \u201cEssa iniciativa refor\u00e7a a valoriza\u00e7\u00e3o dos nossos agentes, que s\u00e3o o principal elo entre a comunidade e as Unidades de Sa\u00fade. Uma a\u00e7\u00e3o in\u00e9dita que vai impactar nas atividades desenvolvidas em benef\u00edcio da nossa popula\u00e7\u00e3o; e, consequentemente, na melhoria dos indicadores de sa\u00fade da Branquinha. O &#8220;Sa\u00fade com Agente\u201d \u00e9 considerado o maior programa de forma\u00e7\u00e3o t\u00e9cnica na \u00e1rea da sa\u00fade no formato h\u00edbrido do pa\u00eds, e estamos extremamente felizes em aderir a este projeto que assegura mais forma\u00e7\u00e3o e conhecimento para os nossos valorosos profissionais\u201d, disse.<\/p>\n<p>Para o prefeito Neno Freitas, o momento \u00e9 de muita alegria e orgulho. \u201cEu costumo dizer que nosso maior e principal investimento sempre vai ser nas pessoas, e eu parabenizo a cada um dos formandos por essa nova e importante etapa de suas vidas. Terem aceitado o desafio de participar deste curso demonstra o tamanho do compromisso que voc\u00eas t\u00eam com a sa\u00fade da nossa popula\u00e7\u00e3o. Tenho certeza que agora, com a conclus\u00e3o do curso, al\u00e9m de mudan\u00e7as significativas em suas vidas pessoais, tamb\u00e9m haver\u00e3o melhorias na vida profissional e, consequentemente, para toda a nossa comunidade que sair\u00e1 ganhando pela qualifica\u00e7\u00e3o e amplia\u00e7\u00e3o do conhecimento t\u00e9cnico. Parab\u00e9ns pela decis\u00e3o de fazer essa forma\u00e7\u00e3o. Estou muito orgulhoso\u201d, finalizou.<\/p>\n<p>Tamb\u00e9m estiveram presentes o presidente da C\u00e2mara Robinho do Bar; e os vereadores, Fabiano, Frankl Eloi, Novinho, Fran\u00e7uar e Ded\u00e9 Melo.<\/p>\n<p>&nbsp;<\/p>\n<p>Com Assessoria<\/p>\n<span style=\"clear:both;display:none;\"><img src=\"http:\/\/www.muricionline.com.br\/novo\/wp-content\/plugins\/wp-spamfree\/img\/wpsf-img.php\" width=\"0\" height=\"0\" alt=\"\" style=\"border-style:none;width:0px;height:0px;display:none;\" \/><\/span>","protected":false},"excerpt":{"rendered":"<p>A Prefeitura de Branquinha, atrav\u00e9s da Secretaria de Sa\u00fade, realizou, na noite desta quinta-feira (07), na Escola Municipal Dem\u00f3crito Jos\u00e9, a solenidade de formatura dos 27 concluintes dos cursos t\u00e9cnicos em Agente Comunit\u00e1rio de Sa\u00fade e Agente de Combate \u00e0s Endemias. Ap\u00f3s a entrega dos certificados e homenagens, os formandos e seus convidados aproveitaram o&#8230;<\/p>\n","protected":false},"author":1,"featured_media":22044,"comment_status":"open","ping_status":"open","sticky":false,"template":"","format":"standard","meta":{"footnotes":""},"categories":[1],"tags":[5],"_links":{"self":[{"href":"https:\/\/www.muricionline.com.br\/novo\/index.php?rest_route=\/wp\/v2\/posts\/22043"}],"collection":[{"href":"https:\/\/www.muricionline.com.br\/novo\/index.php?rest_route=\/wp\/v2\/posts"}],"about":[{"href":"https:\/\/www.muricionline.com.br\/novo\/index.php?rest_route=\/wp\/v2\/types\/post"}],"author":[{"embeddable":true,"href":"https:\/\/www.muricionline.com.br\/novo\/index.php?rest_route=\/wp\/v2\/users\/1"}],"replies":[{"embeddable":true,"href":"https:\/\/www.muricionline.com.br\/novo\/index.php?rest_route=%2Fwp%2Fv2%2Fcomments&post=22043"}],"version-history":[{"count":1,"href":"https:\/\/www.muricionline.com.br\/novo\/index.php?rest_route=\/wp\/v2\/posts\/22043\/revisions"}],"predecessor-version":[{"id":22045,"href":"https:\/\/www.muricionline.com.br\/novo\/index.php?rest_route=\/wp\/v2\/posts\/22043\/revisions\/22045"}],"wp:featuredmedia":[{"embeddable":true,"href":"https:\/\/www.muricionline.com.br\/novo\/index.php?rest_route=\/wp\/v2\/media\/22044"}],"wp:attachment":[{"href":"https:\/\/www.muricionline.com.br\/novo\/index.php?rest_route=%2Fwp%2Fv2%2Fmedia&parent=22043"}],"wp:term":[{"taxonomy":"category","embeddable":true,"href":"https:\/\/www.muricionline.com.br\/novo\/index.php?rest_route=%2Fwp%2Fv2%2Fcategories&post=22043"},{"taxonomy":"post_tag","embeddable":true,"href":"https:\/\/www.muricionline.com.br\/novo\/index.php?rest_route=%2Fwp%2Fv2%2Ftags&post=22043"}],"curies":[{"name":"wp","href":"https:\/\/api.w.org\/{rel}","templated":true}]}}