{"id":22046,"date":"2023-12-08T14:48:18","date_gmt":"2023-12-08T17:48:18","guid":{"rendered":"http:\/\/www.muricionline.com.br\/novo\/?p=22046"},"modified":"2023-12-08T14:48:18","modified_gmt":"2023-12-08T17:48:18","slug":"prefeitura-de-sao-jose-da-laje-realiza-7a-edicao-do-projeto-sonho-de-natal-e-da-inicio-as-comemoracoes-natalinas-no-municipio","status":"publish","type":"post","link":"https:\/\/www.muricionline.com.br\/novo\/?p=22046","title":{"rendered":"Prefeitura de S\u00e3o Jos\u00e9 da Laje realiza 7\u00aa edi\u00e7\u00e3o do Projeto Sonho de Natal, e d\u00e1 in\u00edcio \u00e0s comemora\u00e7\u00f5es natalinas no munic\u00edpio"},"content":{"rendered":"<p>Na noite de ontem(07), a alegria e a magia de Natal tomaram conta das ruas da cidade de S\u00e3o Jos\u00e9 da Laje, com a extensa programa\u00e7\u00e3o da 7\u00aa Edi\u00e7\u00e3o do Sonho de Natal, projeto que teve inicio ainda na gest\u00e3o do ex-prefeito Rodrigo Valen\u00e7a. Os lajenses que estavam presentes prestigiaram &nbsp;muito emocionados a festa que foi preparada pela prefeitura e se fizeram presente nas ruas para ver o grande desfile que teve in\u00edcio em frente a iluminada prefeitura do munic\u00edpio.<\/p>\n<p>O desfile movimentou crian\u00e7as, jovens, adultos, idosos e teve a participa\u00e7\u00e3o da prefeita Angela Vanessa, do vice-prefeito Dr.Junior, o ex-prefeito Rodrigo Valen\u00e7a, Papai Noel, e personagens com roupas ricas em detalhes natalinos. Um lindo show pirot\u00e9cnico na Avenida Arlinda Veras, marcou a chegada triunfal do Papai Noel e sua turma, deixando as centenas de crian\u00e7as presentes, bastante empolgadas e ansiosas para a t\u00e3o aguardada foto com o bom velhinho. A rea\u00e7\u00e3o dos moradores foi digna de um sonho de natal, deixando todos maravilhados com o que estavam presenciando.<\/p>\n<p>E n\u00e3o parou por a\u00ed. A banda fanfarra Princesa das Fronteiras abrilhantou ainda mais o Sonho de Natal em S\u00e3o Jos\u00e9 da Laje, levando euforia para todos. Com a pra\u00e7a de eventos lotada, onde tamb\u00e9m contou com parque infantil, &nbsp;centenas de pessoas puderam prestigiar as apresenta\u00e7\u00f5es natalinas no palco principal.<\/p>\n<p>A prefeita Angela Vanessa, &nbsp;acompanhada do ex-prefeito e suplente de Deputado Federal Rodrigo Valen\u00e7a, acenaram para os moradores enquanto caminhavam pelas ruas da cidade, acompanhados do Bom Velhinho Papai Noel.<\/p>\n<p>Aos lajenses, o ex-prefeito Rodrigo Valen\u00e7a, destacou a import\u00e2ncia de celebrar o nascimento do menino Jesus. &#8221; Estamos aqui reunidos celebrando o anivers\u00e1rio mais importante de todos, o nascimento do menino Jesus, nossa cidade est\u00e1 linda, e \u00e9 tempo de celebrar, nos unirmos ainda mais e seguir os ensinamentos que Jesus nos ensinou, fico feliz em ter iniciado esse projeto ainda na minha gest\u00e3o e v\u00ea a Prefeita Angela Vanessa dando continuidade.&#8221; Concluiu.<\/p>\n<p>Cercada de crian\u00e7as, &nbsp;e acompanhada por diversas autoridades, a prefeita Angela Vanessa deu as boas vindas ao calend\u00e1rio natalino da cidade.<\/p>\n<p>&#8220;Nesse dia, nessa festa linda, realizada por todos que fazem a prefeitura municipal, quero agradecer o secretariado e o esfor\u00e7o de voc\u00eas que trabalham por essa cidade. Que Deus aben\u00e7oe cada fam\u00edlia lajense , que o amor e a uni\u00e3o estejam presentes na vida de todos n\u00f3s, a \u00e9poca mais linda do ano come\u00e7ou, preparamos nossa para receber todos de forma iluminada, diversos pontos da cidade est\u00e3o ornamentados e nossa cidade est\u00e1 linda, bem cuidada para receber os lajenses que moram fora, os visitantes nesse m\u00eas natalino, que o menino Jesus aben\u00e7oe sempre nossa cidade.&#8221; Finalizou Angela Vanessa, prefeita de S\u00e3o Jos\u00e9 da Laje.<\/p>\n<p>&nbsp;<\/p>\n<p>Com Assessoria&nbsp;<\/p>\n<span style=\"clear:both;display:none;\"><img src=\"http:\/\/www.muricionline.com.br\/novo\/wp-content\/plugins\/wp-spamfree\/img\/wpsf-img.php\" width=\"0\" height=\"0\" alt=\"\" style=\"border-style:none;width:0px;height:0px;display:none;\" \/><\/span>","protected":false},"excerpt":{"rendered":"<p>Na noite de ontem(07), a alegria e a magia de Natal tomaram conta das ruas da cidade de S\u00e3o Jos\u00e9 da Laje, com a extensa programa\u00e7\u00e3o da 7\u00aa Edi\u00e7\u00e3o do Sonho de Natal, projeto que teve inicio ainda na gest\u00e3o do ex-prefeito Rodrigo Valen\u00e7a. Os lajenses que estavam presentes prestigiaram &nbsp;muito emocionados a festa que&#8230;<\/p>\n","protected":false},"author":1,"featured_media":22047,"comment_status":"open","ping_status":"open","sticky":false,"template":"","format":"standard","meta":{"footnotes":""},"categories":[1],"tags":[5],"_links":{"self":[{"href":"https:\/\/www.muricionline.com.br\/novo\/index.php?rest_route=\/wp\/v2\/posts\/22046"}],"collection":[{"href":"https:\/\/www.muricionline.com.br\/novo\/index.php?rest_route=\/wp\/v2\/posts"}],"about":[{"href":"https:\/\/www.muricionline.com.br\/novo\/index.php?rest_route=\/wp\/v2\/types\/post"}],"author":[{"embeddable":true,"href":"https:\/\/www.muricionline.com.br\/novo\/index.php?rest_route=\/wp\/v2\/users\/1"}],"replies":[{"embeddable":true,"href":"https:\/\/www.muricionline.com.br\/novo\/index.php?rest_route=%2Fwp%2Fv2%2Fcomments&post=22046"}],"version-history":[{"count":1,"href":"https:\/\/www.muricionline.com.br\/novo\/index.php?rest_route=\/wp\/v2\/posts\/22046\/revisions"}],"predecessor-version":[{"id":22048,"href":"https:\/\/www.muricionline.com.br\/novo\/index.php?rest_route=\/wp\/v2\/posts\/22046\/revisions\/22048"}],"wp:featuredmedia":[{"embeddable":true,"href":"https:\/\/www.muricionline.com.br\/novo\/index.php?rest_route=\/wp\/v2\/media\/22047"}],"wp:attachment":[{"href":"https:\/\/www.muricionline.com.br\/novo\/index.php?rest_route=%2Fwp%2Fv2%2Fmedia&parent=22046"}],"wp:term":[{"taxonomy":"category","embeddable":true,"href":"https:\/\/www.muricionline.com.br\/novo\/index.php?rest_route=%2Fwp%2Fv2%2Fcategories&post=22046"},{"taxonomy":"post_tag","embeddable":true,"href":"https:\/\/www.muricionline.com.br\/novo\/index.php?rest_route=%2Fwp%2Fv2%2Ftags&post=22046"}],"curies":[{"name":"wp","href":"https:\/\/api.w.org\/{rel}","templated":true}]}}