{"id":22052,"date":"2023-12-10T20:16:33","date_gmt":"2023-12-10T23:16:33","guid":{"rendered":"http:\/\/www.muricionline.com.br\/novo\/?p=22052"},"modified":"2023-12-10T20:17:51","modified_gmt":"2023-12-10T23:17:51","slug":"christiane-bulhoes-concedera-entrevista-a-radio-correio-nesta-segunda-feira-11-servidores-terao-boa-noticia","status":"publish","type":"post","link":"https:\/\/www.muricionline.com.br\/novo\/?p=22052","title":{"rendered":"Christiane Bulh\u00f5es conceder\u00e1 entrevista \u00e0 R\u00e1dio Correio nesta segunda-feira (11); servidores ter\u00e3o boa not\u00edcia"},"content":{"rendered":"<p>A prefeita de Santana do Ipanema, Christiane Bulh\u00f5es, confirmou que \u00e0s 8h30min desta segunda-feira (11), conceder\u00e1 uma entrevista ao radialista Gilmar Dion\u00edsio, na R\u00e1dio Correio do Sert\u00e3o para falar das a\u00e7\u00f5es de sua gest\u00e3o e anunciar uma boa not\u00edcia para os servidores municipais.<\/p>\n<p>Al\u00e9m das ondas do r\u00e1dio na frequ\u00eancia 100,9 fm o ouvinte pode acompanhar a entrevista da prefeita pelo celular, tablet ou computador, acessando a Radios Net ou clicando aqui. http:\/\/play.radios.com.br\/33651<\/p>\n<p>&nbsp;<\/p>\n<p>Com Assessoria&nbsp;<\/p>\n<p><img loading=\"lazy\" decoding=\"async\" class=\"alignnone size-medium wp-image-22055\" src=\"http:\/\/www.muricionline.com.br\/novo\/wp-content\/uploads\/2023\/12\/93c64103-98b2-4afe-bd9e-732614d76002-1-200x250.jpeg\" alt=\"\" width=\"200\" height=\"250\" srcset=\"https:\/\/www.muricionline.com.br\/novo\/wp-content\/uploads\/2023\/12\/93c64103-98b2-4afe-bd9e-732614d76002-1-200x250.jpeg 200w, https:\/\/www.muricionline.com.br\/novo\/wp-content\/uploads\/2023\/12\/93c64103-98b2-4afe-bd9e-732614d76002-1-768x960.jpeg 768w, https:\/\/www.muricionline.com.br\/novo\/wp-content\/uploads\/2023\/12\/93c64103-98b2-4afe-bd9e-732614d76002-1-320x400.jpeg 320w, https:\/\/www.muricionline.com.br\/novo\/wp-content\/uploads\/2023\/12\/93c64103-98b2-4afe-bd9e-732614d76002-1.jpeg 1080w\" sizes=\"(max-width: 200px) 100vw, 200px\" \/><\/p>\n<span style=\"clear:both;display:none;\"><img src=\"http:\/\/www.muricionline.com.br\/novo\/wp-content\/plugins\/wp-spamfree\/img\/wpsf-img.php\" width=\"0\" height=\"0\" alt=\"\" style=\"border-style:none;width:0px;height:0px;display:none;\" \/><\/span>","protected":false},"excerpt":{"rendered":"<p>A prefeita de Santana do Ipanema, Christiane Bulh\u00f5es, confirmou que \u00e0s 8h30min desta segunda-feira (11), conceder\u00e1 uma entrevista ao radialista Gilmar Dion\u00edsio, na R\u00e1dio Correio do Sert\u00e3o para falar das a\u00e7\u00f5es de sua gest\u00e3o e anunciar uma boa not\u00edcia para os servidores municipais. Al\u00e9m das ondas do r\u00e1dio na frequ\u00eancia 100,9 fm o ouvinte pode&#8230;<\/p>\n","protected":false},"author":1,"featured_media":22053,"comment_status":"open","ping_status":"open","sticky":false,"template":"","format":"standard","meta":{"footnotes":""},"categories":[1],"tags":[5],"_links":{"self":[{"href":"https:\/\/www.muricionline.com.br\/novo\/index.php?rest_route=\/wp\/v2\/posts\/22052"}],"collection":[{"href":"https:\/\/www.muricionline.com.br\/novo\/index.php?rest_route=\/wp\/v2\/posts"}],"about":[{"href":"https:\/\/www.muricionline.com.br\/novo\/index.php?rest_route=\/wp\/v2\/types\/post"}],"author":[{"embeddable":true,"href":"https:\/\/www.muricionline.com.br\/novo\/index.php?rest_route=\/wp\/v2\/users\/1"}],"replies":[{"embeddable":true,"href":"https:\/\/www.muricionline.com.br\/novo\/index.php?rest_route=%2Fwp%2Fv2%2Fcomments&post=22052"}],"version-history":[{"count":2,"href":"https:\/\/www.muricionline.com.br\/novo\/index.php?rest_route=\/wp\/v2\/posts\/22052\/revisions"}],"predecessor-version":[{"id":22056,"href":"https:\/\/www.muricionline.com.br\/novo\/index.php?rest_route=\/wp\/v2\/posts\/22052\/revisions\/22056"}],"wp:featuredmedia":[{"embeddable":true,"href":"https:\/\/www.muricionline.com.br\/novo\/index.php?rest_route=\/wp\/v2\/media\/22053"}],"wp:attachment":[{"href":"https:\/\/www.muricionline.com.br\/novo\/index.php?rest_route=%2Fwp%2Fv2%2Fmedia&parent=22052"}],"wp:term":[{"taxonomy":"category","embeddable":true,"href":"https:\/\/www.muricionline.com.br\/novo\/index.php?rest_route=%2Fwp%2Fv2%2Fcategories&post=22052"},{"taxonomy":"post_tag","embeddable":true,"href":"https:\/\/www.muricionline.com.br\/novo\/index.php?rest_route=%2Fwp%2Fv2%2Ftags&post=22052"}],"curies":[{"name":"wp","href":"https:\/\/api.w.org\/{rel}","templated":true}]}}