{"id":22060,"date":"2023-12-11T10:12:37","date_gmt":"2023-12-11T13:12:37","guid":{"rendered":"http:\/\/www.muricionline.com.br\/novo\/?p=22060"},"modified":"2023-12-11T10:12:37","modified_gmt":"2023-12-11T13:12:37","slug":"educacao-de-branquinha-promove-formatura-do-abc-para-alunos-da-rede-municipal","status":"publish","type":"post","link":"https:\/\/www.muricionline.com.br\/novo\/?p=22060","title":{"rendered":"Educa\u00e7\u00e3o de Branquinha promove formatura do ABC para alunos da rede municipal"},"content":{"rendered":"<p>Com o tema \u201cBrinquedos e Brincadeiras\u201d, a Prefeitura de Branquinha, atrav\u00e9s da Secretaria de Educa\u00e7\u00e3o, realizou neste domingo (10), na quadra da Escola Dem\u00f3crito Jos\u00e9, uma bel\u00edssima solenidade de formatura do ABC, que representou a passagem da educa\u00e7\u00e3o infantil para o ensino fundamental de 76 alunos das escolas Santo Ant\u00f4nio da Boa Vista; S\u00e3o Sebasti\u00e3o; Zumbi dos Palmares; Nossa Senhora de F\u00e1tima; Jos\u00e9 Lopes e Nilza de Almeida Cabral.<\/p>\n<p>Em uma programa\u00e7\u00e3o repleta de emo\u00e7\u00e3o e alegria, familiares e convidados se juntaram aos doutores do ABC, que com lindas roupas padronizadas, participaram de apresenta\u00e7\u00f5es e receberam das m\u00e3os de profissionais da educa\u00e7\u00e3o e autoridades presentes, o tradicional canudo contendo o diploma e tamb\u00e9m o anel. A festa contou com uma decora\u00e7\u00e3o colorida e rica em detalhes, porta retrato personalizado, mesa de bolo e doces, buffet, espa\u00e7os instagram\u00e1veis para fotos e muita anima\u00e7\u00e3o ao som do DJ Luan Love.<\/p>\n<p>\u201cUma noite festiva, de alegria, onde reunimos alunos e familiares para celebrarmos o fim de um ciclo e o in\u00edcio de mais uma importante etapa escolar. Parabenizo a toda equipe pedag\u00f3gica, professores, coordenadores, diretores e t\u00e9cnicos pelo empenho e trabalho realizado durante todo o ano, bem como, na contribui\u00e7\u00e3o para a realiza\u00e7\u00e3o dessa linda formatura. Agrade\u00e7o tamb\u00e9m ao prefeito Neno Freitas que com seu olhar atento, tem garantido todo o suporte para a transforma\u00e7\u00e3o e evolu\u00e7\u00e3o da \u00e1rea educacional do nosso munic\u00edpio\u201d, disse Ednaldo Firmino, secret\u00e1rio de educa\u00e7\u00e3o.<\/p>\n<p>O prefeito Neno Freitas, destacou a import\u00e2ncia do momento e falou sobre investimentos na \u00e1rea da educa\u00e7\u00e3o. \u201cEstou muito feliz em participar de um momento t\u00e3o bonito e emocionante como esse, que marca uma importante transi\u00e7\u00e3o na vida dos nossos pequenos estudantes. Alfabetizar os cidad\u00e3os desde o in\u00edcio de sua trajet\u00f3ria escolar \u00e9 um dos maiores desafios de um gestor; e gra\u00e7as ao empenho de toda equipe de profissionais; e aos investimentos que temos feito cuidadosamente, hoje podemos celebrar com alegria mais essa conquista. A partir de uma base s\u00f3lida constru\u00edda nas escolas e com o apoio dos pais e respons\u00e1veis, estamos garantindo aprendizado, desenvolvimento e conhecimento que ser\u00e3o usados ao longo de toda a vida. Estou muito orgulhoso\u201d, disse.<\/p>\n<p>A primeira-dama, Renata Freitas, o presidente da C\u00e2mara, Robinho do Bar, os vereadores Fabiano, Frank Eloi, Fran\u00e7uar e Costa; a diretora de ensino, Micheline Barbosa; a t\u00e9cnica da educa\u00e7\u00e3o infantil, Elizabete Cristina; representando os diretores, Genilson Costa; representando os professores, Janine Oliveira e representando os pais, Maciel Souza, tamb\u00e9m participaram do evento integrando a mesa de honra.<\/p>\n<p>&nbsp;<\/p>\n<p>Com Assessoria<\/p>\n<span style=\"clear:both;display:none;\"><img src=\"http:\/\/www.muricionline.com.br\/novo\/wp-content\/plugins\/wp-spamfree\/img\/wpsf-img.php\" width=\"0\" height=\"0\" alt=\"\" style=\"border-style:none;width:0px;height:0px;display:none;\" \/><\/span>","protected":false},"excerpt":{"rendered":"<p>Com o tema \u201cBrinquedos e Brincadeiras\u201d, a Prefeitura de Branquinha, atrav\u00e9s da Secretaria de Educa\u00e7\u00e3o, realizou neste domingo (10), na quadra da Escola Dem\u00f3crito Jos\u00e9, uma bel\u00edssima solenidade de formatura do ABC, que representou a passagem da educa\u00e7\u00e3o infantil para o ensino fundamental de 76 alunos das escolas Santo Ant\u00f4nio da Boa Vista; S\u00e3o Sebasti\u00e3o;&#8230;<\/p>\n","protected":false},"author":1,"featured_media":22061,"comment_status":"open","ping_status":"open","sticky":false,"template":"","format":"standard","meta":{"footnotes":""},"categories":[1],"tags":[5],"_links":{"self":[{"href":"https:\/\/www.muricionline.com.br\/novo\/index.php?rest_route=\/wp\/v2\/posts\/22060"}],"collection":[{"href":"https:\/\/www.muricionline.com.br\/novo\/index.php?rest_route=\/wp\/v2\/posts"}],"about":[{"href":"https:\/\/www.muricionline.com.br\/novo\/index.php?rest_route=\/wp\/v2\/types\/post"}],"author":[{"embeddable":true,"href":"https:\/\/www.muricionline.com.br\/novo\/index.php?rest_route=\/wp\/v2\/users\/1"}],"replies":[{"embeddable":true,"href":"https:\/\/www.muricionline.com.br\/novo\/index.php?rest_route=%2Fwp%2Fv2%2Fcomments&post=22060"}],"version-history":[{"count":1,"href":"https:\/\/www.muricionline.com.br\/novo\/index.php?rest_route=\/wp\/v2\/posts\/22060\/revisions"}],"predecessor-version":[{"id":22062,"href":"https:\/\/www.muricionline.com.br\/novo\/index.php?rest_route=\/wp\/v2\/posts\/22060\/revisions\/22062"}],"wp:featuredmedia":[{"embeddable":true,"href":"https:\/\/www.muricionline.com.br\/novo\/index.php?rest_route=\/wp\/v2\/media\/22061"}],"wp:attachment":[{"href":"https:\/\/www.muricionline.com.br\/novo\/index.php?rest_route=%2Fwp%2Fv2%2Fmedia&parent=22060"}],"wp:term":[{"taxonomy":"category","embeddable":true,"href":"https:\/\/www.muricionline.com.br\/novo\/index.php?rest_route=%2Fwp%2Fv2%2Fcategories&post=22060"},{"taxonomy":"post_tag","embeddable":true,"href":"https:\/\/www.muricionline.com.br\/novo\/index.php?rest_route=%2Fwp%2Fv2%2Ftags&post=22060"}],"curies":[{"name":"wp","href":"https:\/\/api.w.org\/{rel}","templated":true}]}}