{"id":22063,"date":"2023-12-11T10:14:38","date_gmt":"2023-12-11T13:14:38","guid":{"rendered":"http:\/\/www.muricionline.com.br\/novo\/?p=22063"},"modified":"2023-12-11T13:38:02","modified_gmt":"2023-12-11T16:38:02","slug":"vivendo-a-magia-do-natal-prefeitura-de-santana-do-mundau-leva-projeto-para-a-munguba","status":"publish","type":"post","link":"https:\/\/www.muricionline.com.br\/novo\/?p=22063","title":{"rendered":"Vivendo a Magia do Natal: prefeitura de Santana do Munda\u00fa leva projeto para a Munguba"},"content":{"rendered":"<p>A prefeitura de Santana do Munda\u00fa promoveu, neste domingo (10), mais uma tradicional edi\u00e7\u00e3o do projeto \u201cVivendo a Magia do Natal\u201d na Munguba. Com apresenta\u00e7\u00f5es da Banda Fanfarra, do grupo Cia Imp\u00e9rio Urbano; dos alunos da Escola Prof. Jos\u00e9 de Melo Gomes e do Ballet do CRAS; a comunidade e visitantes ficaram encantados com tamanha riqueza de detalhes.<\/p>\n<p>A programa\u00e7\u00e3o que tamb\u00e9m contou com brinquedos infl\u00e1veis, diversas guloseimas como algod\u00e3o doce, pipoca e cachorro quente; distribui\u00e7\u00e3o de presentes e entrega de cestas b\u00e1sicas; foi finalizada com a prociss\u00e3o, celebra\u00e7\u00e3o da Santa Missa, quermesse e leil\u00e3o em comemora\u00e7\u00e3o \u00e0 Padroeira da localidade, Imaculada Concei\u00e7\u00e3o.<\/p>\n<p>Acompanhado da primeira-dama, Katherine Farias, o prefeito Arthur Freitas falou sobre a festa que j\u00e1 \u00e9 tradi\u00e7\u00e3o. \u201cCom muito carinho e de forma muito especial, nesta data em que comemoramos a padroeira da Munguba, Imaculada Concei\u00e7\u00e3o, tamb\u00e9m nos unimos \u00e0 festividade trazendo o projeto \u201cVivendo a Magia do Natal\u201d. Um momento de alegria que envolve a comunidade no clima natalino. Pr\u00f3ximo domingo, dia 17, esperamos todos os mundauenses na nossa grande festa no centro da cidade\u201d, avisou.<\/p>\n<p>O secret\u00e1rio de educa\u00e7\u00e3o, Andr\u00e9 Castro, o presidente da C\u00e2mara, Alex Freire, vereadores Nego das Brenhas, Genor, T\u00f4ta e Dra Inez; e demais secret\u00e1rios municipais, tamb\u00e9m prestigiaram o momento.<\/p>\n<p>&nbsp;<\/p>\n<p>Com Assessoria<\/p>\n<span style=\"clear:both;display:none;\"><img src=\"http:\/\/www.muricionline.com.br\/novo\/wp-content\/plugins\/wp-spamfree\/img\/wpsf-img.php\" width=\"0\" height=\"0\" alt=\"\" style=\"border-style:none;width:0px;height:0px;display:none;\" \/><\/span>","protected":false},"excerpt":{"rendered":"<p>A prefeitura de Santana do Munda\u00fa promoveu, neste domingo (10), mais uma tradicional edi\u00e7\u00e3o do projeto \u201cVivendo a Magia do Natal\u201d na Munguba. Com apresenta\u00e7\u00f5es da Banda Fanfarra, do grupo Cia Imp\u00e9rio Urbano; dos alunos da Escola Prof. Jos\u00e9 de Melo Gomes e do Ballet do CRAS; a comunidade e visitantes ficaram encantados com tamanha&#8230;<\/p>\n","protected":false},"author":1,"featured_media":22069,"comment_status":"open","ping_status":"open","sticky":false,"template":"","format":"standard","meta":{"footnotes":""},"categories":[1],"tags":[5],"_links":{"self":[{"href":"https:\/\/www.muricionline.com.br\/novo\/index.php?rest_route=\/wp\/v2\/posts\/22063"}],"collection":[{"href":"https:\/\/www.muricionline.com.br\/novo\/index.php?rest_route=\/wp\/v2\/posts"}],"about":[{"href":"https:\/\/www.muricionline.com.br\/novo\/index.php?rest_route=\/wp\/v2\/types\/post"}],"author":[{"embeddable":true,"href":"https:\/\/www.muricionline.com.br\/novo\/index.php?rest_route=\/wp\/v2\/users\/1"}],"replies":[{"embeddable":true,"href":"https:\/\/www.muricionline.com.br\/novo\/index.php?rest_route=%2Fwp%2Fv2%2Fcomments&post=22063"}],"version-history":[{"count":1,"href":"https:\/\/www.muricionline.com.br\/novo\/index.php?rest_route=\/wp\/v2\/posts\/22063\/revisions"}],"predecessor-version":[{"id":22065,"href":"https:\/\/www.muricionline.com.br\/novo\/index.php?rest_route=\/wp\/v2\/posts\/22063\/revisions\/22065"}],"wp:featuredmedia":[{"embeddable":true,"href":"https:\/\/www.muricionline.com.br\/novo\/index.php?rest_route=\/wp\/v2\/media\/22069"}],"wp:attachment":[{"href":"https:\/\/www.muricionline.com.br\/novo\/index.php?rest_route=%2Fwp%2Fv2%2Fmedia&parent=22063"}],"wp:term":[{"taxonomy":"category","embeddable":true,"href":"https:\/\/www.muricionline.com.br\/novo\/index.php?rest_route=%2Fwp%2Fv2%2Fcategories&post=22063"},{"taxonomy":"post_tag","embeddable":true,"href":"https:\/\/www.muricionline.com.br\/novo\/index.php?rest_route=%2Fwp%2Fv2%2Ftags&post=22063"}],"curies":[{"name":"wp","href":"https:\/\/api.w.org\/{rel}","templated":true}]}}