{"id":22288,"date":"2024-02-06T11:32:50","date_gmt":"2024-02-06T14:32:50","guid":{"rendered":"http:\/\/www.muricionline.com.br\/novo\/?p=22288"},"modified":"2024-02-07T00:35:02","modified_gmt":"2024-02-07T03:35:02","slug":"prefeitura-de-murici-divulga-programacaodo-carnaval-2024","status":"publish","type":"post","link":"https:\/\/www.muricionline.com.br\/novo\/?p=22288","title":{"rendered":"Prefeitura de Murici divulga programa\u00e7\u00e3odo carnaval 2024"},"content":{"rendered":"<p>A Prefeitura de Murici divulgou a programa\u00e7\u00e3o do Carnaval nesta ter\u00e7a-feira (6). As festividades carnavalescas come\u00e7ar\u00e3o no dia 10 de fevereiro e terminar\u00e3o no dia 13.<\/p>\n<p>A festa come\u00e7ar\u00e1 com o Desfile do Rei Momo e Rainha do Carnaval. Nos dias que se seguem, haver\u00e1 a apresenta\u00e7\u00e3o dos blocos da cidade, tais como o Bloco das Kengas, Bloco do Caix\u00e3o e Bloco Tudo Azul, sendo esse \u00faltimo puxado pelo cantor Z\u00e9 Vaqueiro.<\/p>\n<p><a href=\"http:\/\/www.muricionline.com.br\/novo\/wp-content\/uploads\/2024\/02\/eff2c969-5c42-469b-a41f-31b33bf57e24.jpeg\"><img loading=\"lazy\" decoding=\"async\" class=\"aligncenter size-full wp-image-22289\" src=\"http:\/\/www.muricionline.com.br\/novo\/wp-content\/uploads\/2024\/02\/eff2c969-5c42-469b-a41f-31b33bf57e24.jpeg\" alt=\"\" width=\"1025\" height=\"1280\" srcset=\"https:\/\/www.muricionline.com.br\/novo\/wp-content\/uploads\/2024\/02\/eff2c969-5c42-469b-a41f-31b33bf57e24.jpeg 1025w, https:\/\/www.muricionline.com.br\/novo\/wp-content\/uploads\/2024\/02\/eff2c969-5c42-469b-a41f-31b33bf57e24-200x250.jpeg 200w, https:\/\/www.muricionline.com.br\/novo\/wp-content\/uploads\/2024\/02\/eff2c969-5c42-469b-a41f-31b33bf57e24-768x959.jpeg 768w, https:\/\/www.muricionline.com.br\/novo\/wp-content\/uploads\/2024\/02\/eff2c969-5c42-469b-a41f-31b33bf57e24-320x400.jpeg 320w\" sizes=\"(max-width: 1025px) 100vw, 1025px\" \/><\/a><\/p>\n<p>Confira a programa\u00e7\u00e3o:<\/p>\n<p>Dia 10 (s\u00e1bado) \u00e0s 16h &#8211; MATIN\u00ca KIDS &#8211; Cazuadinha + Pakaramba<br \/>\nLocal: P\u00e1tio da Prefeitura<br \/>\n20h &#8211; DESFILE DO REI MOMO E RAINHA DO CARNAVAL &#8211; Chicana e Gal\u00e3<br \/>\nLocal: Concentra\u00e7\u00e3o Posto BR<\/p>\n<p>Dia 11 (domingo) \u00e0s 15h &#8211; BLOCO DAS KENGAS &#8211; Jaime Mendes + Elminho + Jeffinho<br \/>\nLocal : Concentra\u00e7\u00e3o no Posto BR<\/p>\n<p>Dia 12 (segunda) \u00e0s 13h &#8211; BLOCO DO CAIX\u00c3O &#8211; Battata + Leo Raiky<br \/>\nLocal: Concentra\u00e7\u00e3o na rodovi\u00e1ria<\/p>\n<p>Dia 13 (ter\u00e7a) \u00e0s 13h &#8211; BLOCO TUDO AZUL &#8211; Z\u00e9 Vaqueiro El\u00e9trico + Matheus Fernandes<br \/>\nLocal: Concentra\u00e7\u00e3o na rodovi\u00e1ria<\/p>\n<p>&nbsp;<\/p>\n<p>Com BR204 com Assessoria&nbsp;<\/p>\n<span style=\"clear:both;display:none;\"><img src=\"http:\/\/www.muricionline.com.br\/novo\/wp-content\/plugins\/wp-spamfree\/img\/wpsf-img.php\" width=\"0\" height=\"0\" alt=\"\" style=\"border-style:none;width:0px;height:0px;display:none;\" \/><\/span>","protected":false},"excerpt":{"rendered":"<p>A Prefeitura de Murici divulgou a programa\u00e7\u00e3o do Carnaval nesta ter\u00e7a-feira (6). As festividades carnavalescas come\u00e7ar\u00e3o no dia 10 de fevereiro e terminar\u00e3o no dia 13. A festa come\u00e7ar\u00e1 com o Desfile do Rei Momo e Rainha do Carnaval. Nos dias que se seguem, haver\u00e1 a apresenta\u00e7\u00e3o dos blocos da cidade, tais como o Bloco&#8230;<\/p>\n","protected":false},"author":1,"featured_media":22289,"comment_status":"open","ping_status":"open","sticky":false,"template":"","format":"standard","meta":{"footnotes":""},"categories":[7,1],"tags":[5],"_links":{"self":[{"href":"https:\/\/www.muricionline.com.br\/novo\/index.php?rest_route=\/wp\/v2\/posts\/22288"}],"collection":[{"href":"https:\/\/www.muricionline.com.br\/novo\/index.php?rest_route=\/wp\/v2\/posts"}],"about":[{"href":"https:\/\/www.muricionline.com.br\/novo\/index.php?rest_route=\/wp\/v2\/types\/post"}],"author":[{"embeddable":true,"href":"https:\/\/www.muricionline.com.br\/novo\/index.php?rest_route=\/wp\/v2\/users\/1"}],"replies":[{"embeddable":true,"href":"https:\/\/www.muricionline.com.br\/novo\/index.php?rest_route=%2Fwp%2Fv2%2Fcomments&post=22288"}],"version-history":[{"count":1,"href":"https:\/\/www.muricionline.com.br\/novo\/index.php?rest_route=\/wp\/v2\/posts\/22288\/revisions"}],"predecessor-version":[{"id":22290,"href":"https:\/\/www.muricionline.com.br\/novo\/index.php?rest_route=\/wp\/v2\/posts\/22288\/revisions\/22290"}],"wp:featuredmedia":[{"embeddable":true,"href":"https:\/\/www.muricionline.com.br\/novo\/index.php?rest_route=\/wp\/v2\/media\/22289"}],"wp:attachment":[{"href":"https:\/\/www.muricionline.com.br\/novo\/index.php?rest_route=%2Fwp%2Fv2%2Fmedia&parent=22288"}],"wp:term":[{"taxonomy":"category","embeddable":true,"href":"https:\/\/www.muricionline.com.br\/novo\/index.php?rest_route=%2Fwp%2Fv2%2Fcategories&post=22288"},{"taxonomy":"post_tag","embeddable":true,"href":"https:\/\/www.muricionline.com.br\/novo\/index.php?rest_route=%2Fwp%2Fv2%2Ftags&post=22288"}],"curies":[{"name":"wp","href":"https:\/\/api.w.org\/{rel}","templated":true}]}}