{"id":23964,"date":"2025-04-17T15:44:51","date_gmt":"2025-04-17T18:44:51","guid":{"rendered":"https:\/\/www.muricionline.com.br\/novo\/?p=23964"},"modified":"2025-04-19T15:46:11","modified_gmt":"2025-04-19T18:46:11","slug":"prefeitura-de-sao-jose-da-laje-promove-espetaculo-a-ceu-aberto-da-paixao-de-cristo","status":"publish","type":"post","link":"https:\/\/www.muricionline.com.br\/novo\/?p=23964","title":{"rendered":"Prefeitura de S\u00e3o Jos\u00e9 da Laje promove espet\u00e1culo a c\u00e9u aberto da Paix\u00e3o de Cristo"},"content":{"rendered":"<p>A Prefeitura de S\u00e3o Jos\u00e9 da Laje, proporcionou na noite desta quarta-feira (16), a encena\u00e7\u00e3o da tradicional Paix\u00e3o de Cristo &#8211; espet\u00e1culo que emociona o p\u00fablico ao retratar a trajet\u00f3ria de Jesus Cristo, do nascimento \u00e0 ressurrei\u00e7\u00e3o. O evento aconteceu em frente \u00e0 Igreja Matriz, na pra\u00e7a de Eventos do munic\u00edpio.<\/p>\n<p>A prefeita Angela Vanessa comemorou a realiza\u00e7\u00e3o desse espet\u00e1culo que chega na sua 4\u00aa edi\u00e7\u00e3o. \u201cFico muito feliz com a realiza\u00e7\u00e3o de atividades culturais. \u00c9 muito bom ver as fam\u00edlias lajenses reunidas na pra\u00e7a, num per\u00edodo ainda mais que especial em que celebramos a P\u00e1scoa\u201d, comentou.<\/p>\n<p>\u201cEste ano, transferimos o local da apresenta\u00e7\u00e3o, que de costume era nos arredores da Biblioteca P\u00fablica, todavia, formatamos o espet\u00e1culo para a pra\u00e7a de eventos, valorizando a Igreja Matriz, o caramanch\u00e3o, bem como toda \u00e1rea beira rio, fazendo com que o teatro da Paix\u00e3o pudesse ter v\u00e1rios locais de encena\u00e7\u00e3o\u201d, declarou a prefeita.<\/p>\n<p>Ao todo, 20 pessoas entre atores e figurantes fizeram parte do espet\u00e1culo teatral, que foi dirigido pelo ator alagoano Jaime Filho, que tamb\u00e9m contou com a participa\u00e7\u00e3o especial de alunos da Rede P\u00fablica Municipal em diversas cenas.<\/p>\n<p>O espet\u00e1culo \u00e9 considerado um dos principais eventos culturais e religiosos do munic\u00edpio e atrai milhares de moradores todos os anos, que, para a vice prefeita Ravena de Neno, esse \u00e9 um momento muito especial para S\u00e3o Jos\u00e9 da Laje, em que arte e espiritualidade se encontram para transmitir uma mensagem de amor, esperan\u00e7a e renova\u00e7\u00e3o.<\/p>\n<p>Por Secom<\/p>\n<span style=\"clear:both;display:none;\"><img src=\"http:\/\/www.muricionline.com.br\/novo\/wp-content\/plugins\/wp-spamfree\/img\/wpsf-img.php\" width=\"0\" height=\"0\" alt=\"\" style=\"border-style:none;width:0px;height:0px;display:none;\" \/><\/span>","protected":false},"excerpt":{"rendered":"<p>A Prefeitura de S\u00e3o Jos\u00e9 da Laje, proporcionou na noite desta quarta-feira (16), a encena\u00e7\u00e3o da tradicional Paix\u00e3o de Cristo &#8211; espet\u00e1culo que emociona o p\u00fablico ao retratar a trajet\u00f3ria de Jesus Cristo, do nascimento \u00e0 ressurrei\u00e7\u00e3o. O evento aconteceu em frente \u00e0 Igreja Matriz, na pra\u00e7a de Eventos do munic\u00edpio. A prefeita Angela Vanessa&#8230;<\/p>\n","protected":false},"author":1,"featured_media":23965,"comment_status":"open","ping_status":"open","sticky":false,"template":"","format":"standard","meta":{"footnotes":""},"categories":[1],"tags":[],"_links":{"self":[{"href":"https:\/\/www.muricionline.com.br\/novo\/index.php?rest_route=\/wp\/v2\/posts\/23964"}],"collection":[{"href":"https:\/\/www.muricionline.com.br\/novo\/index.php?rest_route=\/wp\/v2\/posts"}],"about":[{"href":"https:\/\/www.muricionline.com.br\/novo\/index.php?rest_route=\/wp\/v2\/types\/post"}],"author":[{"embeddable":true,"href":"https:\/\/www.muricionline.com.br\/novo\/index.php?rest_route=\/wp\/v2\/users\/1"}],"replies":[{"embeddable":true,"href":"https:\/\/www.muricionline.com.br\/novo\/index.php?rest_route=%2Fwp%2Fv2%2Fcomments&post=23964"}],"version-history":[{"count":1,"href":"https:\/\/www.muricionline.com.br\/novo\/index.php?rest_route=\/wp\/v2\/posts\/23964\/revisions"}],"predecessor-version":[{"id":23966,"href":"https:\/\/www.muricionline.com.br\/novo\/index.php?rest_route=\/wp\/v2\/posts\/23964\/revisions\/23966"}],"wp:featuredmedia":[{"embeddable":true,"href":"https:\/\/www.muricionline.com.br\/novo\/index.php?rest_route=\/wp\/v2\/media\/23965"}],"wp:attachment":[{"href":"https:\/\/www.muricionline.com.br\/novo\/index.php?rest_route=%2Fwp%2Fv2%2Fmedia&parent=23964"}],"wp:term":[{"taxonomy":"category","embeddable":true,"href":"https:\/\/www.muricionline.com.br\/novo\/index.php?rest_route=%2Fwp%2Fv2%2Fcategories&post=23964"},{"taxonomy":"post_tag","embeddable":true,"href":"https:\/\/www.muricionline.com.br\/novo\/index.php?rest_route=%2Fwp%2Fv2%2Ftags&post=23964"}],"curies":[{"name":"wp","href":"https:\/\/api.w.org\/{rel}","templated":true}]}}