{"id":23967,"date":"2025-04-18T15:49:14","date_gmt":"2025-04-18T18:49:14","guid":{"rendered":"https:\/\/www.muricionline.com.br\/novo\/?p=23967"},"modified":"2025-04-19T15:50:03","modified_gmt":"2025-04-19T18:50:03","slug":"criancas-de-sao-jose-da-laje-participam-da-caravana-doce-e-recebem-chocolates","status":"publish","type":"post","link":"https:\/\/www.muricionline.com.br\/novo\/?p=23967","title":{"rendered":"Crian\u00e7as de S\u00e3o Jos\u00e9 da Laje participam da \u2018Caravana Doce\u2019 e recebem chocolates"},"content":{"rendered":"<p>A Crian\u00e7as de S\u00e3o Jos\u00e9 da Laje participam da \u2018Caravana Doce\u2019 e recebem chocolatesPrefeitura de S\u00e3o Jos\u00e9 da Laje, por meio da Secretaria de Assist\u00eancia Social, proporcionou momentos de alegria e felicidade que ficar\u00e3o na lembran\u00e7a de centenas de crian\u00e7as atendidas pelos programas sociais coordenados pela pasta e que receberam nesta quarta-feira (16) seus ovos de P\u00e1scoa. A a\u00e7\u00e3o, denominada \u201cCaravana Doce\u201d, percorreu as comunidades distribuindo ovos de chocolates, para marcar a passagem do Domingo de P\u00e1scoa.<\/p>\n<p>A P\u00e1scoa \u00e9 um momento de f\u00e9 e de reflex\u00e3o, lembrou a secret\u00e1ria Carly Valen\u00e7a. \u201cHoje, \u00e9 mais uma a\u00e7\u00e3o para nossas crian\u00e7as, a \u2018Caravana Doce\u2019, trabalhando os s\u00edmbolos da p\u00e1scoa, trazendo \u00e0 mem\u00f3ria das nossas crian\u00e7as, esse momento t\u00e3o importante na vida de todos n\u00f3s crist\u00e3os\u201d, enfatizou ela.<\/p>\n<p>A gest\u00e3o Angela Vanessa e Ravena de Neno, prefeita e vice, respectivamente, tem ampliado os servi\u00e7os e programas sociais, ofertando atividades l\u00fadicas, recreativas, art\u00edsticas e esportivas, tanto na Brinquedoteca Municipal, bem como no Servi\u00e7o de Conviv\u00eancia, atendendo a demanda tamb\u00e9m, com a\u00e7\u00f5es mensais nas datas comemorativas, a exemplo da p\u00e1scoa.<\/p>\n<p>A caravana contou com a participa\u00e7\u00e3o especial de personagens vestidos de Coelhos da P\u00e1scoa, que encantaram as crian\u00e7as com muita simpatia e divers\u00e3o, onde tamb\u00e9m, tiveram a oportunidade de interagir com os monitores dos programas sociais. \u201cN\u00f3s entregamos os ovos de P\u00e1scoa, mas isso \u00e9 tudo uma forma cultural e n\u00f3s sabemos que as crian\u00e7as gostam\u201d, disse a orientadora Roberta Silva. \u201cA mensagem real \u00e9 trabalhar com as crian\u00e7as o verdadeiro sentido da P\u00e1scoa, que \u00e9 dizer a elas que Jesus est\u00e1 vivo e que ele reina na vida de todos n\u00f3s\u201d, enfatizou.<\/p>\n<p>Por Secom<\/p>\n<span style=\"clear:both;display:none;\"><img src=\"http:\/\/www.muricionline.com.br\/novo\/wp-content\/plugins\/wp-spamfree\/img\/wpsf-img.php\" width=\"0\" height=\"0\" alt=\"\" style=\"border-style:none;width:0px;height:0px;display:none;\" \/><\/span>","protected":false},"excerpt":{"rendered":"<p>A Crian\u00e7as de S\u00e3o Jos\u00e9 da Laje participam da \u2018Caravana Doce\u2019 e recebem chocolatesPrefeitura de S\u00e3o Jos\u00e9 da Laje, por meio da Secretaria de Assist\u00eancia Social, proporcionou momentos de alegria e felicidade que ficar\u00e3o na lembran\u00e7a de centenas de crian\u00e7as atendidas pelos programas sociais coordenados pela pasta e que receberam nesta quarta-feira (16) seus ovos&#8230;<\/p>\n","protected":false},"author":1,"featured_media":23968,"comment_status":"open","ping_status":"open","sticky":false,"template":"","format":"standard","meta":{"footnotes":""},"categories":[1],"tags":[],"_links":{"self":[{"href":"https:\/\/www.muricionline.com.br\/novo\/index.php?rest_route=\/wp\/v2\/posts\/23967"}],"collection":[{"href":"https:\/\/www.muricionline.com.br\/novo\/index.php?rest_route=\/wp\/v2\/posts"}],"about":[{"href":"https:\/\/www.muricionline.com.br\/novo\/index.php?rest_route=\/wp\/v2\/types\/post"}],"author":[{"embeddable":true,"href":"https:\/\/www.muricionline.com.br\/novo\/index.php?rest_route=\/wp\/v2\/users\/1"}],"replies":[{"embeddable":true,"href":"https:\/\/www.muricionline.com.br\/novo\/index.php?rest_route=%2Fwp%2Fv2%2Fcomments&post=23967"}],"version-history":[{"count":1,"href":"https:\/\/www.muricionline.com.br\/novo\/index.php?rest_route=\/wp\/v2\/posts\/23967\/revisions"}],"predecessor-version":[{"id":23969,"href":"https:\/\/www.muricionline.com.br\/novo\/index.php?rest_route=\/wp\/v2\/posts\/23967\/revisions\/23969"}],"wp:featuredmedia":[{"embeddable":true,"href":"https:\/\/www.muricionline.com.br\/novo\/index.php?rest_route=\/wp\/v2\/media\/23968"}],"wp:attachment":[{"href":"https:\/\/www.muricionline.com.br\/novo\/index.php?rest_route=%2Fwp%2Fv2%2Fmedia&parent=23967"}],"wp:term":[{"taxonomy":"category","embeddable":true,"href":"https:\/\/www.muricionline.com.br\/novo\/index.php?rest_route=%2Fwp%2Fv2%2Fcategories&post=23967"},{"taxonomy":"post_tag","embeddable":true,"href":"https:\/\/www.muricionline.com.br\/novo\/index.php?rest_route=%2Fwp%2Fv2%2Ftags&post=23967"}],"curies":[{"name":"wp","href":"https:\/\/api.w.org\/{rel}","templated":true}]}}