{"id":23970,"date":"2025-04-18T18:50:34","date_gmt":"2025-04-18T21:50:34","guid":{"rendered":"https:\/\/www.muricionline.com.br\/novo\/?p=23970"},"modified":"2025-04-19T15:52:23","modified_gmt":"2025-04-19T18:52:23","slug":"sexta-feira-da-paixao-fieis-mantem-tradicional-subida-ao-alto-do-cruzeiro-em-murici-2","status":"publish","type":"post","link":"https:\/\/www.muricionline.com.br\/novo\/?p=23970","title":{"rendered":"Sexta-feira da Paix\u00e3o: Fi\u00e9is mant\u00eam tradicional subida ao Alto do Cruzeiro em Murici"},"content":{"rendered":"<p>Prociss\u00e3o re\u00fane milhares de pessoas e relembra a Via Sacra e a trajet\u00f3ria de vida, morte e ressurrei\u00e7\u00e3o de Cristo<\/p>\n<p>Com c\u00e2nticos religiosos e velas nas m\u00e3os, milhares de fi\u00e9is cat\u00f3licos seguiram em prociss\u00e3o rumo ao Alto do Cruzeiro na madrugada desta Sexta-feira da Paix\u00e3o, relembrando a Via Sacra com a trajet\u00f3ria de vida, morte e ressurrei\u00e7\u00e3o de Jesus Cristo. A subida ao morro \u00e9 considerada uma das maiores manifesta\u00e7\u00f5es religiosas do Estado e j\u00e1 acontece h\u00e1 mais de 140 anos.<\/p>\n<p>O prefeito Remi Filho acompanhou a prociss\u00e3o junto com a primeira-dama Millena Aguiar, a secret\u00e1ria Soraya Calheiros e o deputado estadual Remi Calheiros.<\/p>\n<p>Segundo a lenda, a primeira prociss\u00e3o ocorreu em 1884, quando a popula\u00e7\u00e3o muriciense foi curada de uma peste que assolou a cidade. O ent\u00e3o p\u00e1roco de Murici fez uma promessa de colocar uma cruz de madeira no ponto mais alto da cidade e pediu que a caminhada at\u00e9 a cruz fosse feita todos os anos. Desde ent\u00e3o, a tradi\u00e7\u00e3o se mant\u00e9m viva e atrai cada vez mais fi\u00e9is.<\/p>\n<p>Por Ascom Prefeitura de Murici<\/p>\n<span style=\"clear:both;display:none;\"><img src=\"http:\/\/www.muricionline.com.br\/novo\/wp-content\/plugins\/wp-spamfree\/img\/wpsf-img.php\" width=\"0\" height=\"0\" alt=\"\" style=\"border-style:none;width:0px;height:0px;display:none;\" \/><\/span>","protected":false},"excerpt":{"rendered":"<p>Prociss\u00e3o re\u00fane milhares de pessoas e relembra a Via Sacra e a trajet\u00f3ria de vida, morte e ressurrei\u00e7\u00e3o de Cristo Com c\u00e2nticos religiosos e velas nas m\u00e3os, milhares de fi\u00e9is cat\u00f3licos seguiram em prociss\u00e3o rumo ao Alto do Cruzeiro na madrugada desta Sexta-feira da Paix\u00e3o, relembrando a Via Sacra com a trajet\u00f3ria de vida, morte&#8230;<\/p>\n","protected":false},"author":1,"featured_media":23971,"comment_status":"open","ping_status":"open","sticky":false,"template":"","format":"standard","meta":{"footnotes":""},"categories":[1],"tags":[5],"_links":{"self":[{"href":"https:\/\/www.muricionline.com.br\/novo\/index.php?rest_route=\/wp\/v2\/posts\/23970"}],"collection":[{"href":"https:\/\/www.muricionline.com.br\/novo\/index.php?rest_route=\/wp\/v2\/posts"}],"about":[{"href":"https:\/\/www.muricionline.com.br\/novo\/index.php?rest_route=\/wp\/v2\/types\/post"}],"author":[{"embeddable":true,"href":"https:\/\/www.muricionline.com.br\/novo\/index.php?rest_route=\/wp\/v2\/users\/1"}],"replies":[{"embeddable":true,"href":"https:\/\/www.muricionline.com.br\/novo\/index.php?rest_route=%2Fwp%2Fv2%2Fcomments&post=23970"}],"version-history":[{"count":1,"href":"https:\/\/www.muricionline.com.br\/novo\/index.php?rest_route=\/wp\/v2\/posts\/23970\/revisions"}],"predecessor-version":[{"id":23972,"href":"https:\/\/www.muricionline.com.br\/novo\/index.php?rest_route=\/wp\/v2\/posts\/23970\/revisions\/23972"}],"wp:featuredmedia":[{"embeddable":true,"href":"https:\/\/www.muricionline.com.br\/novo\/index.php?rest_route=\/wp\/v2\/media\/23971"}],"wp:attachment":[{"href":"https:\/\/www.muricionline.com.br\/novo\/index.php?rest_route=%2Fwp%2Fv2%2Fmedia&parent=23970"}],"wp:term":[{"taxonomy":"category","embeddable":true,"href":"https:\/\/www.muricionline.com.br\/novo\/index.php?rest_route=%2Fwp%2Fv2%2Fcategories&post=23970"},{"taxonomy":"post_tag","embeddable":true,"href":"https:\/\/www.muricionline.com.br\/novo\/index.php?rest_route=%2Fwp%2Fv2%2Ftags&post=23970"}],"curies":[{"name":"wp","href":"https:\/\/api.w.org\/{rel}","templated":true}]}}