{"id":23976,"date":"2025-04-21T07:44:14","date_gmt":"2025-04-21T10:44:14","guid":{"rendered":"https:\/\/www.muricionline.com.br\/novo\/?p=23976"},"modified":"2025-04-21T07:44:14","modified_gmt":"2025-04-21T10:44:14","slug":"papa-francisco-morre-aos-88-anos","status":"publish","type":"post","link":"https:\/\/www.muricionline.com.br\/novo\/?p=23976","title":{"rendered":"Papa Francisco morre aos 88 anos"},"content":{"rendered":"<p>Na manh\u00e3 desta segunda-feira, o mundo recebeu a triste not\u00edcia da morte do Papa Francisco, aos 88 anos. O l\u00edder da Igreja Cat\u00f3lica, conhecido por seu esp\u00edrito de humildade, di\u00e1logo e dedica\u00e7\u00e3o aos pobres, faleceu em Roma, deixando uma marca profunda na hist\u00f3ria religiosa e social global.<\/p>\n<p>Durante seu papado, iniciado em 2013, Francisco foi reconhecido por suas posi\u00e7\u00f5es progressistas e por promover a paz e a justi\u00e7a social. Sua abordagem acolhedora e sua preocupa\u00e7\u00e3o com os mais vulner\u00e1veis conquistaram cora\u00e7\u00f5es ao redor do mundo, tornando-o uma figura admirada por fi\u00e9is e n\u00e3o fi\u00e9is.<\/p>\n<p>A not\u00edcia da sua morte gerou uma onda de homenagens e reflex\u00f5es sobre seu legado. L\u00edderes mundiais, representantes religiosos e fi\u00e9is expressaram pesar e gratid\u00e3o pelos anos de dedica\u00e7\u00e3o do Papa Francisco \u00e0 causa da humanidade.<\/p>\n<p>A Igreja Cat\u00f3lica j\u00e1 anunciou que iniciar\u00e1 os procedimentos para o funeral e a elei\u00e7\u00e3o de um novo pont\u00edfice. Enquanto isso, fi\u00e9is e admiradores de todo o mundo se unem em ora\u00e7\u00e3o, celebrando a vida e o impacto de um homem que, com simplicidade e coragem, transformou a maneira de liderar uma das maiores religi\u00f5es do planeta.<\/p>\n<p>Com AL1<br \/>\nFoto: Vaticino&nbsp;<\/p>\n<span style=\"clear:both;display:none;\"><img src=\"http:\/\/www.muricionline.com.br\/novo\/wp-content\/plugins\/wp-spamfree\/img\/wpsf-img.php\" width=\"0\" height=\"0\" alt=\"\" style=\"border-style:none;width:0px;height:0px;display:none;\" \/><\/span>","protected":false},"excerpt":{"rendered":"<p>Na manh\u00e3 desta segunda-feira, o mundo recebeu a triste not\u00edcia da morte do Papa Francisco, aos 88 anos. O l\u00edder da Igreja Cat\u00f3lica, conhecido por seu esp\u00edrito de humildade, di\u00e1logo e dedica\u00e7\u00e3o aos pobres, faleceu em Roma, deixando uma marca profunda na hist\u00f3ria religiosa e social global. Durante seu papado, iniciado em 2013, Francisco foi&#8230;<\/p>\n","protected":false},"author":1,"featured_media":23977,"comment_status":"open","ping_status":"open","sticky":false,"template":"","format":"standard","meta":{"footnotes":""},"categories":[7,1],"tags":[5],"_links":{"self":[{"href":"https:\/\/www.muricionline.com.br\/novo\/index.php?rest_route=\/wp\/v2\/posts\/23976"}],"collection":[{"href":"https:\/\/www.muricionline.com.br\/novo\/index.php?rest_route=\/wp\/v2\/posts"}],"about":[{"href":"https:\/\/www.muricionline.com.br\/novo\/index.php?rest_route=\/wp\/v2\/types\/post"}],"author":[{"embeddable":true,"href":"https:\/\/www.muricionline.com.br\/novo\/index.php?rest_route=\/wp\/v2\/users\/1"}],"replies":[{"embeddable":true,"href":"https:\/\/www.muricionline.com.br\/novo\/index.php?rest_route=%2Fwp%2Fv2%2Fcomments&post=23976"}],"version-history":[{"count":1,"href":"https:\/\/www.muricionline.com.br\/novo\/index.php?rest_route=\/wp\/v2\/posts\/23976\/revisions"}],"predecessor-version":[{"id":23978,"href":"https:\/\/www.muricionline.com.br\/novo\/index.php?rest_route=\/wp\/v2\/posts\/23976\/revisions\/23978"}],"wp:featuredmedia":[{"embeddable":true,"href":"https:\/\/www.muricionline.com.br\/novo\/index.php?rest_route=\/wp\/v2\/media\/23977"}],"wp:attachment":[{"href":"https:\/\/www.muricionline.com.br\/novo\/index.php?rest_route=%2Fwp%2Fv2%2Fmedia&parent=23976"}],"wp:term":[{"taxonomy":"category","embeddable":true,"href":"https:\/\/www.muricionline.com.br\/novo\/index.php?rest_route=%2Fwp%2Fv2%2Fcategories&post=23976"},{"taxonomy":"post_tag","embeddable":true,"href":"https:\/\/www.muricionline.com.br\/novo\/index.php?rest_route=%2Fwp%2Fv2%2Ftags&post=23976"}],"curies":[{"name":"wp","href":"https:\/\/api.w.org\/{rel}","templated":true}]}}