{"id":23979,"date":"2025-04-23T20:24:36","date_gmt":"2025-04-23T23:24:36","guid":{"rendered":"https:\/\/www.muricionline.com.br\/novo\/?p=23979"},"modified":"2025-04-23T20:25:39","modified_gmt":"2025-04-23T23:25:39","slug":"23979","status":"publish","type":"post","link":"https:\/\/www.muricionline.com.br\/novo\/?p=23979","title":{"rendered":"Prefeitura de S\u00e3o Jos\u00e9 da Laje lan\u00e7a segunda edi\u00e7\u00e3o do qcurso de idiomas"},"content":{"rendered":"<p>Na manh\u00e3 desta quarta-feira, 23, aconteceu o lan\u00e7amento da 2\u00aa edi\u00e7\u00e3o do Curso de Idiomas de S\u00e3o Jos\u00e9 da Laje, a solenidade contou com a presen\u00e7a da prefeita Angela Vanessa, vice-prefeita Ravena de Neno, secretaria da educa\u00e7\u00e3o Glaudes Souza, secretaria da mulher Ana Claudia e do pesquisador educacional Dr. Ricardo Jorge. Com o grande sucesso da primeira edi\u00e7\u00e3o, ocorrida em 2024, a Prefeitura Municipal iniciou uma nova edi\u00e7\u00e3o do Cursinho de Idiomas: \u201cGlobal Languages: From School to the World\u201d.<\/p>\n<p>O projeto \u00e9 uma iniciativa conjunta da Prefeitura Municipal de S\u00e3o Jos\u00e9 da Laje\/AL e da Secretaria Municipal da Educa\u00e7\u00e3o, com foco na inclus\u00e3o lingu\u00edstica e no fortalecimento da educa\u00e7\u00e3o p\u00fablica. O cursinho \u00e9 destinado a estudantes dos anos finais do Ensino Fundamental (6\u00ba ao 9\u00ba ano) da Rede Municipal, e do Ensino M\u00e9dio (1\u00ba ao 3\u00ba ano) da Rede Estadual. O principal objetivo do cursinho \u00e9 proporcionar aos estudantes uma maior aproxima\u00e7\u00e3o com a L\u00edngua Inglesa, priorizando o desenvolvimento da flu\u00eancia oral e escrita, e incentivando a compreens\u00e3o de seu uso em contextos globais e cotidianos.<\/p>\n<p>Este ano, os alunos que participaram da edi\u00e7\u00e3o anterior dar\u00e3o prosseguimento ao n\u00edvel intermedi\u00e1rio, ao tempo em que contar\u00e1 tamb\u00e9m com a inser\u00e7\u00e3o de novos estudantes para aulas de L\u00edngua Inglesa, visando ao desenvolvimento da flu\u00eancia no n\u00edvel b\u00e1sico. Todos os estudantes receberam o material modular apostilado, com enfoque na compreens\u00e3o leitora e na flu\u00eancia do idioma, por meio de aulas din\u00e2micas e ainda com o suporte da professora Israelly Santos, que \u00e9 fluente na L\u00edngua Inglesa.<\/p>\n<p>Durante a solenidade, a Prefeita Angela Vanessa e a Vice-prefeita Ravena de Neno anunciaram que, muito em breve, teremos mais programas de incentivo para aprendizagem de outros idiomas e que ser\u00e3o tamb\u00e9m, oferecidas, ainda este ano, aulas de Espanhol no Cursinho de idiomas da Educa\u00e7\u00e3o Campe\u00e3.<\/p>\n<p>Com essa iniciativa, a Gest\u00e3o Municipal reafirma o seu compromisso com a promo\u00e7\u00e3o de uma educa\u00e7\u00e3o conectada com o mundo, ampliando as oportunidades e horizontes para os jovens lajenses, fortalecendo, assim, o papel da escola como espa\u00e7o de transforma\u00e7\u00e3o social.<\/p>\n<p>Por Ascom\/Secretaria da Educa\u00e7\u00e3o<\/p>\n<span style=\"clear:both;display:none;\"><img src=\"http:\/\/www.muricionline.com.br\/novo\/wp-content\/plugins\/wp-spamfree\/img\/wpsf-img.php\" width=\"0\" height=\"0\" alt=\"\" style=\"border-style:none;width:0px;height:0px;display:none;\" \/><\/span>","protected":false},"excerpt":{"rendered":"<p>Na manh\u00e3 desta quarta-feira, 23, aconteceu o lan\u00e7amento da 2\u00aa edi\u00e7\u00e3o do Curso de Idiomas de S\u00e3o Jos\u00e9 da Laje, a solenidade contou com a presen\u00e7a da prefeita Angela Vanessa, vice-prefeita Ravena de Neno, secretaria da educa\u00e7\u00e3o Glaudes Souza, secretaria da mulher Ana Claudia e do pesquisador educacional Dr. Ricardo Jorge. Com o grande sucesso&#8230;<\/p>\n","protected":false},"author":1,"featured_media":23983,"comment_status":"open","ping_status":"open","sticky":false,"template":"","format":"standard","meta":{"footnotes":""},"categories":[1],"tags":[5],"_links":{"self":[{"href":"https:\/\/www.muricionline.com.br\/novo\/index.php?rest_route=\/wp\/v2\/posts\/23979"}],"collection":[{"href":"https:\/\/www.muricionline.com.br\/novo\/index.php?rest_route=\/wp\/v2\/posts"}],"about":[{"href":"https:\/\/www.muricionline.com.br\/novo\/index.php?rest_route=\/wp\/v2\/types\/post"}],"author":[{"embeddable":true,"href":"https:\/\/www.muricionline.com.br\/novo\/index.php?rest_route=\/wp\/v2\/users\/1"}],"replies":[{"embeddable":true,"href":"https:\/\/www.muricionline.com.br\/novo\/index.php?rest_route=%2Fwp%2Fv2%2Fcomments&post=23979"}],"version-history":[{"count":3,"href":"https:\/\/www.muricionline.com.br\/novo\/index.php?rest_route=\/wp\/v2\/posts\/23979\/revisions"}],"predecessor-version":[{"id":23985,"href":"https:\/\/www.muricionline.com.br\/novo\/index.php?rest_route=\/wp\/v2\/posts\/23979\/revisions\/23985"}],"wp:featuredmedia":[{"embeddable":true,"href":"https:\/\/www.muricionline.com.br\/novo\/index.php?rest_route=\/wp\/v2\/media\/23983"}],"wp:attachment":[{"href":"https:\/\/www.muricionline.com.br\/novo\/index.php?rest_route=%2Fwp%2Fv2%2Fmedia&parent=23979"}],"wp:term":[{"taxonomy":"category","embeddable":true,"href":"https:\/\/www.muricionline.com.br\/novo\/index.php?rest_route=%2Fwp%2Fv2%2Fcategories&post=23979"},{"taxonomy":"post_tag","embeddable":true,"href":"https:\/\/www.muricionline.com.br\/novo\/index.php?rest_route=%2Fwp%2Fv2%2Ftags&post=23979"}],"curies":[{"name":"wp","href":"https:\/\/api.w.org\/{rel}","templated":true}]}}