{"id":23986,"date":"2025-04-24T07:59:16","date_gmt":"2025-04-24T10:59:16","guid":{"rendered":"https:\/\/www.muricionline.com.br\/novo\/?p=23986"},"modified":"2025-04-24T07:59:16","modified_gmt":"2025-04-24T10:59:16","slug":"deputado-remi-calheiros-tratara-com-o-governo-demanda-dos-agentes-de-endemias","status":"publish","type":"post","link":"https:\/\/www.muricionline.com.br\/novo\/?p=23986","title":{"rendered":"Deputado Remi Calheiros tratar\u00e1 com o Governo demanda dos agentes de endemias"},"content":{"rendered":"<p>Remi Calheiros tratar\u00e1 com o Governo demanda dos agentes de endemias<\/p>\n<p>O deputado Remi Calheiros (MDB) relatou na sess\u00e3o ordin\u00e1ria desta quarta-feira, 23, que recebeu representantes dos agentes de sa\u00fade e de endemias em seu gabinete, e garantiu empenho na busca pelas reivindica\u00e7\u00f5es da categoria. &#8220;Coloquei-me \u00e0 disposi\u00e7\u00e3o para conversar com nossos l\u00edderes, Bruno Toledo (MDB) e Silvio Camelo (PV), e levar as demandas ao Governo do Estado&#8221;, afirmou o parlamentar, ao sugerir que o Poder Executivo elabore um projeto sobre o tema.<\/p>\n<p>Segundo ele, os agentes merecem melhores condi\u00e7\u00f5es de trabalho, &#8220;que t\u00e3o brilhantemente t\u00eam prestado \u00e0 comunidade&#8221;. Calheiros refor\u00e7a que a Casa sempre est\u00e1 \u00e0 disposi\u00e7\u00e3o da categoria. Em aparte, o deputado Ronaldo Medeiros (PT) endossou as palavras do colega, elogiando o trabalho que os agentes fazem em todas as regi\u00f5es de Alagoas e tamb\u00e9m se colocou \u00e0 disposi\u00e7\u00e3o dos funcion\u00e1rios p\u00fablicos.<\/p>\n<p>Com Comunica\u00e7\u00e3o \/ ALE<br \/>\nFoto: Igor Pereira<\/p>\n<span style=\"clear:both;display:none;\"><img src=\"http:\/\/www.muricionline.com.br\/novo\/wp-content\/plugins\/wp-spamfree\/img\/wpsf-img.php\" width=\"0\" height=\"0\" alt=\"\" style=\"border-style:none;width:0px;height:0px;display:none;\" \/><\/span>","protected":false},"excerpt":{"rendered":"<p>Remi Calheiros tratar\u00e1 com o Governo demanda dos agentes de endemias O deputado Remi Calheiros (MDB) relatou na sess\u00e3o ordin\u00e1ria desta quarta-feira, 23, que recebeu representantes dos agentes de sa\u00fade e de endemias em seu gabinete, e garantiu empenho na busca pelas reivindica\u00e7\u00f5es da categoria. &#8220;Coloquei-me \u00e0 disposi\u00e7\u00e3o para conversar com nossos l\u00edderes, Bruno Toledo&#8230;<\/p>\n","protected":false},"author":1,"featured_media":23989,"comment_status":"open","ping_status":"open","sticky":false,"template":"","format":"standard","meta":{"footnotes":""},"categories":[1],"tags":[5],"_links":{"self":[{"href":"https:\/\/www.muricionline.com.br\/novo\/index.php?rest_route=\/wp\/v2\/posts\/23986"}],"collection":[{"href":"https:\/\/www.muricionline.com.br\/novo\/index.php?rest_route=\/wp\/v2\/posts"}],"about":[{"href":"https:\/\/www.muricionline.com.br\/novo\/index.php?rest_route=\/wp\/v2\/types\/post"}],"author":[{"embeddable":true,"href":"https:\/\/www.muricionline.com.br\/novo\/index.php?rest_route=\/wp\/v2\/users\/1"}],"replies":[{"embeddable":true,"href":"https:\/\/www.muricionline.com.br\/novo\/index.php?rest_route=%2Fwp%2Fv2%2Fcomments&post=23986"}],"version-history":[{"count":1,"href":"https:\/\/www.muricionline.com.br\/novo\/index.php?rest_route=\/wp\/v2\/posts\/23986\/revisions"}],"predecessor-version":[{"id":23990,"href":"https:\/\/www.muricionline.com.br\/novo\/index.php?rest_route=\/wp\/v2\/posts\/23986\/revisions\/23990"}],"wp:featuredmedia":[{"embeddable":true,"href":"https:\/\/www.muricionline.com.br\/novo\/index.php?rest_route=\/wp\/v2\/media\/23989"}],"wp:attachment":[{"href":"https:\/\/www.muricionline.com.br\/novo\/index.php?rest_route=%2Fwp%2Fv2%2Fmedia&parent=23986"}],"wp:term":[{"taxonomy":"category","embeddable":true,"href":"https:\/\/www.muricionline.com.br\/novo\/index.php?rest_route=%2Fwp%2Fv2%2Fcategories&post=23986"},{"taxonomy":"post_tag","embeddable":true,"href":"https:\/\/www.muricionline.com.br\/novo\/index.php?rest_route=%2Fwp%2Fv2%2Ftags&post=23986"}],"curies":[{"name":"wp","href":"https:\/\/api.w.org\/{rel}","templated":true}]}}